{"id":29378,"date":"2023-11-07T17:51:37","date_gmt":"2023-11-07T16:51:37","guid":{"rendered":"http:\/\/metre.emfasi.es\/?p=29378"},"modified":"2023-11-07T17:55:13","modified_gmt":"2023-11-07T16:55:13","slug":"la-triatlo-de-sgrail-100","status":"publish","type":"post","link":"https:\/\/metre.emfasi.es\/ca\/la-triatlo-de-sgrail-100\/","title":{"rendered":"La Triatl\u00f3 de SGRAIL 100"},"content":{"rendered":"<p>Aquest cap de setmana, <a href=\"http:\/\/metre.emfasi.es\/ca\">Metrecubic<\/a> ha participat a <a href=\"https:\/\/sgrail100.com\/\" target=\"_blank\" rel=\"noopener\">la Triatl\u00f3 de SGRAIL 100<\/a>, una gran competici\u00f3 en l&#8217;\u00e0mbit internacional. La competici\u00f3 tenia com a origen Cadaqu\u00e9s i el seu dest\u00ed era a Girona, transportant aix\u00ed m\u00e9s de 300 bicicletes amb els nostres camions.<\/p>\n<p>Els participants eren tots de diferents nacionalitats, perqu\u00e8 venien de tot Europa.<\/p>\n<h2>Coneixies la Triatl\u00f3 de SGRAIL 100?<\/h2>\n<p>Si no coneixies la Triatl\u00f3 de SGRAIL 100, has de saber que \u00e9s un esdeveniment esportiu que consta de tres etapes:<\/p>\n<ul>\n<li>1,5km nedant<\/li>\n<li>88\u202fkm de Gravel<\/li>\n<li>10,5km de Trail.<\/li>\n<\/ul>\n<p>Durant l&#8217;esdeveniment, els participants han de transportar les bicicletes des de Girona fins a Cadaqu\u00e9s d&#8217;una manera segura, per aix\u00f2 des de <a href=\"https:\/\/www.klassmark.com\/\" target=\"_blank\" rel=\"noopener\">Klassmark<\/a>, cada any ens truquen per transportar, amb m\u00e9s seguretat, les m\u00e9s de 300 bicicletes dels seus competidors.<\/p>\n<p>Tamb\u00e9 \u00e9s possible que cada participant transporti la bicicleta pel seu compte, per\u00f2 no \u00e9s el m\u00e9s recomanable, a causa de la gran aflu\u00e8ncia de gent a Cadaqu\u00e9s i al poc lloc per poder aparcar.<\/p>\n<h3>S&#8217;inicia la Triatl\u00f3 SGRAIL 100<\/h3>\n<p>Un cop comen\u00e7a l&#8217;esdeveniment ve la primera etapa i, despr\u00e9s de 1,5\u202fkm nedant, has d&#8217;agafar la bicicleta per fer-ne 88\u202fkm. Per aquesta ra\u00f3, el vehicle es queda a Cadaqu\u00e9s, que en cas d&#8217;anar acompanyat no hi hauria cap problema, per\u00f2 si no \u00e9s el cas, all\u00e0 es quedaria la teva bici per anar un altre dia a recollir-lo, i aix\u00f2 no \u00e9s gaire convenient.<\/p>\n<p>Tamb\u00e9 \u00e9s cert que Klassmark ja inclou el transport de la bici dins del preu d&#8217;inscripci\u00f3, aix\u00ed que no aprofitar-ho tamb\u00e9 seria una ximpleria.<\/p>\n<h3>Saps com es transporten?<\/h3>\n<p>En primer lloc, s&#8217;estructuren les bicicletes per n\u00fameros de dorsal i aix\u00ed es poden classificar en ordre i tenir control dels n\u00fameros de dorsal. Aix\u00ed doncs, es poden descarregar en el mateix ordre i es poden posar al seu lloc exacte.<\/p>\n<p>Com que s\u00f3n bicicletes delicades han de ser transportades amb material flexible, per\u00f2 no ha de ser dur, ja que hem de tenir la possibilitat d&#8217;entrella\u00e7ar-les per tenir m\u00e9s capacitat dins de la furgoneta, o cami\u00f3, perqu\u00e8 c\u00e0piguen el m\u00e0xim de bicicletes possibles. \u00c9s per aix\u00f2, que entre l&#8217;una i l&#8217;altra, es protegeixen amb cartr\u00f3 i mantes perqu\u00e8 no es toquin entre elles. En conseq\u00fc\u00e8ncia, fa que no es facin malb\u00e9 i arribin en perfectes condicions al seu dest\u00ed.<\/p>\n<h3>Quina capacitat hi ha a cada vehicle?<\/h3>\n<p>La capacitat dep\u00e8n una mica del vehicle en si que s&#8217;utilitzi, per\u00f2 per tenir una orientaci\u00f3 estar\u00edem parlant que una furgoneta de 14\u202fm3 pot arribar a abastar unes 27 bicis i un cami\u00f3 de 40\u202fm3 unes 90.<\/p>\n<h2>Amb Metrecubic pots organitzar diferents tipus de transports<\/h2>\n<p>Pots comptar amb Metrecubic, tant a nivell Nacional i\/o Internacional, com tamb\u00e9 ho pots demanar a nivell particular, d&#8217;empresa, o fins i tot per a un esdeveniment esportiu com \u00e9s la Triatl\u00f3 de SGRAIL 100.<\/p>\n<p>Si tens qualsevol dubte o vols demanar m\u00e9s informaci\u00f3 no dubtis a <a href=\"http:\/\/metre.emfasi.es\/ca\/contacte\/\">contactar-nos<\/a>.<\/p>\n","protected":false},"excerpt":{"rendered":"<p>Aquest cap de setmana, Metrecubic ha participat a la Triatl\u00f3 de SGRAIL 100, una gran competici\u00f3 en l&#8217;\u00e0mbit internacional. La competici\u00f3 tenia com a origen Cadaqu\u00e9s i el seu dest\u00ed era a Girona, transportant aix\u00ed m\u00e9s de 300 bicicletes amb els nostres camions. Els participants eren tots de diferents nacionalitats, perqu\u00e8 venien de tot Europa. [&hellip;]<\/p>\n","protected":false},"author":22,"featured_media":29328,"comment_status":"open","ping_status":"open","sticky":false,"template":"","format":"standard","meta":{"_et_pb_use_builder":"","_et_pb_old_content":"","_et_gb_content_width":"","footnotes":""},"categories":[34],"tags":[],"yoast_head":"<!-- This site is optimized with the Yoast SEO plugin v22.1 - https:\/\/yoast.com\/wordpress\/plugins\/seo\/ -->\n<title>La Triatl\u00f3 de SGRAIL 100 - Metrecubic<\/title>\n<meta name=\"description\" content=\"Aquest cap de setmana, Metrecubic ha participat a la Triatl\u00f3 de SGRAIL 100, una gran competici\u00f3 en l&#039;\u00e0mbit internacional.\" \/>\n<meta name=\"robots\" content=\"noindex, follow, max-snippet:-1, max-image-preview:large, max-video-preview:-1\" \/>\n<meta property=\"og:locale\" content=\"ca_ES\" \/>\n<meta property=\"og:type\" content=\"article\" \/>\n<meta property=\"og:title\" content=\"La Triatl\u00f3 de SGRAIL 100 - Metrecubic\" \/>\n<meta property=\"og:description\" content=\"Aquest cap de setmana, Metrecubic ha participat a la Triatl\u00f3 de SGRAIL 100, una gran competici\u00f3 en l&#039;\u00e0mbit internacional.\" \/>\n<meta property=\"og:url\" content=\"https:\/\/metre.emfasi.es\/ca\/la-triatlo-de-sgrail-100\/\" \/>\n<meta property=\"og:site_name\" content=\"Metrecubic\" \/>\n<meta property=\"article:published_time\" content=\"2023-11-07T16:51:37+00:00\" \/>\n<meta property=\"article:modified_time\" content=\"2023-11-07T16:55:13+00:00\" \/>\n<meta property=\"og:image\" content=\"https:\/\/metre.emfasi.es\/wp-content\/uploads\/2023\/10\/la-triatlon-de-sgrail-100-scaled.webp\" \/>\n\t<meta property=\"og:image:width\" content=\"2560\" \/>\n\t<meta property=\"og:image:height\" content=\"1472\" \/>\n\t<meta property=\"og:image:type\" content=\"image\/webp\" \/>\n<meta name=\"author\" content=\"Volcanogrup\" \/>\n<meta name=\"twitter:card\" content=\"summary_large_image\" \/>\n<meta name=\"twitter:label1\" content=\"Escrit per\" \/>\n\t<meta name=\"twitter:data1\" content=\"Volcanogrup\" \/>\n\t<meta name=\"twitter:label2\" content=\"Temps estimat de lectura\" \/>\n\t<meta name=\"twitter:data2\" content=\"3 minuts\" \/>\n<script type=\"application\/ld+json\" class=\"yoast-schema-graph\">{\"@context\":\"https:\/\/schema.org\",\"@graph\":[{\"@type\":\"Article\",\"@id\":\"https:\/\/metre.emfasi.es\/ca\/la-triatlo-de-sgrail-100\/#article\",\"isPartOf\":{\"@id\":\"https:\/\/metre.emfasi.es\/ca\/la-triatlo-de-sgrail-100\/\"},\"author\":{\"name\":\"Volcanogrup\",\"@id\":\"https:\/\/metre.emfasi.es\/#\/schema\/person\/a7a16105391b9c536cd0ecc6d219495b\"},\"headline\":\"La Triatl\u00f3 de SGRAIL 100\",\"datePublished\":\"2023-11-07T16:51:37+00:00\",\"dateModified\":\"2023-11-07T16:55:13+00:00\",\"mainEntityOfPage\":{\"@id\":\"https:\/\/metre.emfasi.es\/ca\/la-triatlo-de-sgrail-100\/\"},\"wordCount\":514,\"commentCount\":0,\"publisher\":{\"@id\":\"https:\/\/metre.emfasi.es\/#organization\"},\"articleSection\":[\"Actualitat\"],\"inLanguage\":\"ca\",\"potentialAction\":[{\"@type\":\"CommentAction\",\"name\":\"Comment\",\"target\":[\"https:\/\/metre.emfasi.es\/ca\/la-triatlo-de-sgrail-100\/#respond\"]}]},{\"@type\":\"WebPage\",\"@id\":\"https:\/\/metre.emfasi.es\/ca\/la-triatlo-de-sgrail-100\/\",\"url\":\"https:\/\/metre.emfasi.es\/ca\/la-triatlo-de-sgrail-100\/\",\"name\":\"La Triatl\u00f3 de SGRAIL 100 - Metrecubic\",\"isPartOf\":{\"@id\":\"https:\/\/metre.emfasi.es\/#website\"},\"datePublished\":\"2023-11-07T16:51:37+00:00\",\"dateModified\":\"2023-11-07T16:55:13+00:00\",\"description\":\"Aquest cap de setmana, Metrecubic ha participat a la Triatl\u00f3 de SGRAIL 100, una gran competici\u00f3 en l'\u00e0mbit internacional.\",\"breadcrumb\":{\"@id\":\"https:\/\/metre.emfasi.es\/ca\/la-triatlo-de-sgrail-100\/#breadcrumb\"},\"inLanguage\":\"ca\",\"potentialAction\":[{\"@type\":\"ReadAction\",\"target\":[\"https:\/\/metre.emfasi.es\/ca\/la-triatlo-de-sgrail-100\/\"]}]},{\"@type\":\"BreadcrumbList\",\"@id\":\"https:\/\/metre.emfasi.es\/ca\/la-triatlo-de-sgrail-100\/#breadcrumb\",\"itemListElement\":[{\"@type\":\"ListItem\",\"position\":1,\"name\":\"Portada\",\"item\":\"https:\/\/metre.emfasi.es\/ca\/\"},{\"@type\":\"ListItem\",\"position\":2,\"name\":\"La Triatl\u00f3 de SGRAIL 100\"}]},{\"@type\":\"WebSite\",\"@id\":\"https:\/\/metre.emfasi.es\/#website\",\"url\":\"https:\/\/metre.emfasi.es\/\",\"name\":\"Metrecubic\",\"description\":\"Alquiler de trasteros y minialmacenes privados.\",\"publisher\":{\"@id\":\"https:\/\/metre.emfasi.es\/#organization\"},\"potentialAction\":[{\"@type\":\"SearchAction\",\"target\":{\"@type\":\"EntryPoint\",\"urlTemplate\":\"https:\/\/metre.emfasi.es\/?s={search_term_string}\"},\"query-input\":\"required name=search_term_string\"}],\"inLanguage\":\"ca\"},{\"@type\":\"Organization\",\"@id\":\"https:\/\/metre.emfasi.es\/#organization\",\"name\":\"METRECUBIC trasteros y mudanzas\",\"url\":\"https:\/\/metre.emfasi.es\/\",\"logo\":{\"@type\":\"ImageObject\",\"inLanguage\":\"ca\",\"@id\":\"https:\/\/metre.emfasi.es\/#\/schema\/logo\/image\/\",\"url\":\"http:\/\/metre.emfasi.es\/wp-content\/uploads\/2017\/09\/logo-capsalera.gif\",\"contentUrl\":\"http:\/\/metre.emfasi.es\/wp-content\/uploads\/2017\/09\/logo-capsalera.gif\",\"width\":118,\"height\":117,\"caption\":\"METRECUBIC trasteros y mudanzas\"},\"image\":{\"@id\":\"https:\/\/metre.emfasi.es\/#\/schema\/logo\/image\/\"}},{\"@type\":\"Person\",\"@id\":\"https:\/\/metre.emfasi.es\/#\/schema\/person\/a7a16105391b9c536cd0ecc6d219495b\",\"name\":\"Volcanogrup\",\"image\":{\"@type\":\"ImageObject\",\"inLanguage\":\"ca\",\"@id\":\"https:\/\/metre.emfasi.es\/#\/schema\/person\/image\/\",\"url\":\"https:\/\/secure.gravatar.com\/avatar\/768916a29ebccf4c5b56f790e3397419?s=96&d=mm&r=g\",\"contentUrl\":\"https:\/\/secure.gravatar.com\/avatar\/768916a29ebccf4c5b56f790e3397419?s=96&d=mm&r=g\",\"caption\":\"Volcanogrup\"},\"url\":\"https:\/\/metre.emfasi.es\/ca\/author\/slunavolcanogrup-com\/\"}]}<\/script>\n<!-- \/ Yoast SEO plugin. -->","yoast_head_json":{"title":"La Triatl\u00f3 de SGRAIL 100 - Metrecubic","description":"Aquest cap de setmana, Metrecubic ha participat a la Triatl\u00f3 de SGRAIL 100, una gran competici\u00f3 en l'\u00e0mbit internacional.","robots":{"index":"noindex","follow":"follow","max-snippet":"max-snippet:-1","max-image-preview":"max-image-preview:large","max-video-preview":"max-video-preview:-1"},"og_locale":"ca_ES","og_type":"article","og_title":"La Triatl\u00f3 de SGRAIL 100 - Metrecubic","og_description":"Aquest cap de setmana, Metrecubic ha participat a la Triatl\u00f3 de SGRAIL 100, una gran competici\u00f3 en l'\u00e0mbit internacional.","og_url":"https:\/\/metre.emfasi.es\/ca\/la-triatlo-de-sgrail-100\/","og_site_name":"Metrecubic","article_published_time":"2023-11-07T16:51:37+00:00","article_modified_time":"2023-11-07T16:55:13+00:00","og_image":[{"width":2560,"height":1472,"url":"https:\/\/metre.emfasi.es\/wp-content\/uploads\/2023\/10\/la-triatlon-de-sgrail-100-scaled.webp","type":"image\/webp"}],"author":"Volcanogrup","twitter_card":"summary_large_image","twitter_misc":{"Escrit per":"Volcanogrup","Temps estimat de lectura":"3 minuts"},"schema":{"@context":"https:\/\/schema.org","@graph":[{"@type":"Article","@id":"https:\/\/metre.emfasi.es\/ca\/la-triatlo-de-sgrail-100\/#article","isPartOf":{"@id":"https:\/\/metre.emfasi.es\/ca\/la-triatlo-de-sgrail-100\/"},"author":{"name":"Volcanogrup","@id":"https:\/\/metre.emfasi.es\/#\/schema\/person\/a7a16105391b9c536cd0ecc6d219495b"},"headline":"La Triatl\u00f3 de SGRAIL 100","datePublished":"2023-11-07T16:51:37+00:00","dateModified":"2023-11-07T16:55:13+00:00","mainEntityOfPage":{"@id":"https:\/\/metre.emfasi.es\/ca\/la-triatlo-de-sgrail-100\/"},"wordCount":514,"commentCount":0,"publisher":{"@id":"https:\/\/metre.emfasi.es\/#organization"},"articleSection":["Actualitat"],"inLanguage":"ca","potentialAction":[{"@type":"CommentAction","name":"Comment","target":["https:\/\/metre.emfasi.es\/ca\/la-triatlo-de-sgrail-100\/#respond"]}]},{"@type":"WebPage","@id":"https:\/\/metre.emfasi.es\/ca\/la-triatlo-de-sgrail-100\/","url":"https:\/\/metre.emfasi.es\/ca\/la-triatlo-de-sgrail-100\/","name":"La Triatl\u00f3 de SGRAIL 100 - Metrecubic","isPartOf":{"@id":"https:\/\/metre.emfasi.es\/#website"},"datePublished":"2023-11-07T16:51:37+00:00","dateModified":"2023-11-07T16:55:13+00:00","description":"Aquest cap de setmana, Metrecubic ha participat a la Triatl\u00f3 de SGRAIL 100, una gran competici\u00f3 en l'\u00e0mbit internacional.","breadcrumb":{"@id":"https:\/\/metre.emfasi.es\/ca\/la-triatlo-de-sgrail-100\/#breadcrumb"},"inLanguage":"ca","potentialAction":[{"@type":"ReadAction","target":["https:\/\/metre.emfasi.es\/ca\/la-triatlo-de-sgrail-100\/"]}]},{"@type":"BreadcrumbList","@id":"https:\/\/metre.emfasi.es\/ca\/la-triatlo-de-sgrail-100\/#breadcrumb","itemListElement":[{"@type":"ListItem","position":1,"name":"Portada","item":"https:\/\/metre.emfasi.es\/ca\/"},{"@type":"ListItem","position":2,"name":"La Triatl\u00f3 de SGRAIL 100"}]},{"@type":"WebSite","@id":"https:\/\/metre.emfasi.es\/#website","url":"https:\/\/metre.emfasi.es\/","name":"Metrecubic","description":"Alquiler de trasteros y minialmacenes privados.","publisher":{"@id":"https:\/\/metre.emfasi.es\/#organization"},"potentialAction":[{"@type":"SearchAction","target":{"@type":"EntryPoint","urlTemplate":"https:\/\/metre.emfasi.es\/?s={search_term_string}"},"query-input":"required name=search_term_string"}],"inLanguage":"ca"},{"@type":"Organization","@id":"https:\/\/metre.emfasi.es\/#organization","name":"METRECUBIC trasteros y mudanzas","url":"https:\/\/metre.emfasi.es\/","logo":{"@type":"ImageObject","inLanguage":"ca","@id":"https:\/\/metre.emfasi.es\/#\/schema\/logo\/image\/","url":"http:\/\/metre.emfasi.es\/wp-content\/uploads\/2017\/09\/logo-capsalera.gif","contentUrl":"http:\/\/metre.emfasi.es\/wp-content\/uploads\/2017\/09\/logo-capsalera.gif","width":118,"height":117,"caption":"METRECUBIC trasteros y mudanzas"},"image":{"@id":"https:\/\/metre.emfasi.es\/#\/schema\/logo\/image\/"}},{"@type":"Person","@id":"https:\/\/metre.emfasi.es\/#\/schema\/person\/a7a16105391b9c536cd0ecc6d219495b","name":"Volcanogrup","image":{"@type":"ImageObject","inLanguage":"ca","@id":"https:\/\/metre.emfasi.es\/#\/schema\/person\/image\/","url":"https:\/\/secure.gravatar.com\/avatar\/768916a29ebccf4c5b56f790e3397419?s=96&d=mm&r=g","contentUrl":"https:\/\/secure.gravatar.com\/avatar\/768916a29ebccf4c5b56f790e3397419?s=96&d=mm&r=g","caption":"Volcanogrup"},"url":"https:\/\/metre.emfasi.es\/ca\/author\/slunavolcanogrup-com\/"}]}},"_links":{"self":[{"href":"https:\/\/metre.emfasi.es\/ca\/wp-json\/wp\/v2\/posts\/29378"}],"collection":[{"href":"https:\/\/metre.emfasi.es\/ca\/wp-json\/wp\/v2\/posts"}],"about":[{"href":"https:\/\/metre.emfasi.es\/ca\/wp-json\/wp\/v2\/types\/post"}],"author":[{"embeddable":true,"href":"https:\/\/metre.emfasi.es\/ca\/wp-json\/wp\/v2\/users\/22"}],"replies":[{"embeddable":true,"href":"https:\/\/metre.emfasi.es\/ca\/wp-json\/wp\/v2\/comments?post=29378"}],"version-history":[{"count":0,"href":"https:\/\/metre.emfasi.es\/ca\/wp-json\/wp\/v2\/posts\/29378\/revisions"}],"wp:featuredmedia":[{"embeddable":true,"href":"https:\/\/metre.emfasi.es\/ca\/wp-json\/wp\/v2\/media\/29328"}],"wp:attachment":[{"href":"https:\/\/metre.emfasi.es\/ca\/wp-json\/wp\/v2\/media?parent=29378"}],"wp:term":[{"taxonomy":"category","embeddable":true,"href":"https:\/\/metre.emfasi.es\/ca\/wp-json\/wp\/v2\/categories?post=29378"},{"taxonomy":"post_tag","embeddable":true,"href":"https:\/\/metre.emfasi.es\/ca\/wp-json\/wp\/v2\/tags?post=29378"}],"curies":[{"name":"wp","href":"https:\/\/api.w.org\/{rel}","templated":true}]}}