{"id":30699,"date":"2023-12-23T13:38:49","date_gmt":"2023-12-23T12:38:49","guid":{"rendered":"http:\/\/metre.emfasi.es\/?p=30699"},"modified":"2024-01-31T16:51:25","modified_gmt":"2024-01-31T15:51:25","slug":"el-secret-per-tenir-un-bon-nadal","status":"publish","type":"post","link":"https:\/\/metre.emfasi.es\/ca\/el-secret-per-tenir-un-bon-nadal\/","title":{"rendered":"El secret per tenir un Bon Nadal"},"content":{"rendered":"<p>Quantes s\u00f3n les vegades que ens haurem arribat a preguntar quin era el secret per tenir un Bon Nadal? Sou dels que pensen que ja des d&#8217;octubre no cal que tots els supermercats estiguin plens de torrons i polvorons? Pertanyeu als que porten l&#8217;outfit complet de Nadal des d&#8217;estiu? O ja esteu empatxats del Nadal abans que arribi? Tant si us encanten el Nadal, com si trobeu a faltar el banyador, us explicarem la veritat darrere del secret d&#8217;un bon \u00abFeli\u00e7 Nadal\u00bb.<\/p>\n<h2>El dinar per Nadal sempre \u00e9s m\u00e9s bo<\/h2>\n<p>I tamb\u00e9 n&#8217;hi ha m\u00e9s i m\u00e9s quantitat, perqu\u00e8 tots sabem que, en aquestes \u00e8poques, la taula cal omplir-la fins que no hi c\u00e0piguen m\u00e9s coses. Aix\u00f2 passa sobretot amb les postres, que mai falten. Cert \u00e9s, que si un comen\u00e7a a menjar tant a l&#8217;octubre tot aquest assortiment de dol\u00e7os, en el moment que arriben les festes, potser ja no us ve de gust menjar ni torrons, neules, polvorons, bombons, i totes les postres que , com diem, aconseguiu posar en una taula.<\/p>\n<h2>Nadal en fam\u00edlia o amb amics?<\/h2>\n<p>Sabem que Nadal \u00e9s per estar en companyia de la fam\u00edlia, veure els mercats nadalencs, visitar diferents llocs, fer una escapada rom\u00e0nica, i moltes altres coses que ens encanten.<\/p>\n<p>Pel que fa a visitar llocs interessants i divertits, alguns dels llocs que ens agraden personalment i que ens agradaria destacar s\u00f3n:<\/p>\n<p>La Fira de Santa Llucia, ubicada a Sabadell com una de <a href=\"https:\/\/maps.app.goo.gl\/5GLrixbkzYPX4zYa7\" target=\"_blank\" rel=\"noopener\">les nostres oficines on ens trobem Metrecubic<\/a>. Aquesta fira se celebra des de finals de novembre fins al 23 de desembre. Aix\u00ed doncs, compta amb m\u00e9s de 75 anys d&#8217;hist\u00f2ria, i s&#8217;hi reuneixen anualment una cinquantena d&#8217;estands. Aix\u00ed doncs, fent una passejada al voltant de les parades, podem trobar tota mena de coses nadalenques. Des de boles, cintes, les figures del pessebre, avets (tant naturals com artificials), els ja coneguts caganers, poinsettias, etc.<\/p>\n<p>D&#8217;altra banda, tirant m\u00e9s cap al Nord tenim un mercat molt interessant, \u00e9s a prop de la Frontera amb la <a href=\"https:\/\/maps.app.goo.gl\/Z5ZmaxAZ2WWgGbRK8\" target=\"_blank\" rel=\"noopener\">ciutat on tenim una altra de les nostres oficines<\/a>: Girona. Parlem del Village de No\u00ebl de Le Barcar\u00e8s. \u00c9s un dels mercats nadalencs m\u00e9s bonics i m\u00e9s grans del sud de Fran\u00e7a. \u00c9s el lloc ideal per passar-hi un dia juntament amb la fam\u00edlia i amb els nens. Tamb\u00e9 podeu anar amb amics i trobar regals ideals per al Nadal.<\/p>\n<h3>Decoracions i esdeveniments nadalencs<\/h3>\n<p>Sense decoraci\u00f3 de Nadal podr\u00edem dir que no hi ha Nadal? Ara s\u00ed, acabem de trobar el secret per a un Bon Nadal?<\/p>\n<p>Podria ser, per\u00f2 el que s\u00ed que \u00e9s clar \u00e9s que els llums de Nadal i tota la decoraci\u00f3 que hi ha al voltant d&#8217;aquestes festivitats \u00e9s sorprenent. Caminar pels carrers quan es fa fosc i veure com brillen els llums pels carrers, l&#8217;ambient de la gent il\u00b7lusionada<\/p>\n<h2>Els regals de Nadal sempre amb amor<\/h2>\n<p>Si ets dels que els encanta donar i rebre regals, ben segur que durant aquestes dates ser\u00e0s m\u00e9s feli\u00e7 que una perdiu. Aix\u00ed que si ets dels que no poden parar de donar il\u00b7lusi\u00f3 i s&#8217;emocionen per l&#8217;alegria d&#8217;un \u00e9sser estimat, o per obrir un regal, i que sigui el que sigui far\u00e0s la llagrimeta, estem segurs que tamb\u00e9 et costar\u00e0 desprendre&#8217;t de la majoria de regals. I ara ja no es compren a vig\u00edlies, sin\u00f3 que aprofitem tota mena d&#8217;ofertes, on es poden guardar tots els regals comprats durant mesos, perqu\u00e8 tot sabem que hem de tenir un lloc, segur i secret on amagar aquests objectes fins a l&#8217;esperada nit m\u00e0gica.<\/p>\n<p>\u00c9s clar que els nostres trasters s\u00f3n una opci\u00f3 perfecta perqu\u00e8 tots aquests trossos d&#8217;il\u00b7lusi\u00f3 puguin esperar a ser lliurats sense por de perdre&#8217;ls ni que ens descobreixin, sobretot si s\u00f3n regals m\u00e9s grans. S\u00f3n llocs, estancs, assegurances i accessibles els 365 dies, aix\u00ed podr\u00e0s entrar i sortir sempre que ho necessitis \u00fanicament amb el codi d&#8217;acc\u00e9s. Els pots contractar a partir de 15 dies, per aix\u00f2 \u00e9s temps suficient per poder comprar i guardar fins que ho necessitis. Tenim centres disponibles a Empuriabrava, Girona i Sabadell. Li pots <a href=\"http:\/\/metre.emfasi.es\/ca\/trasters-landing\/\">donar una ullada i informar-te m\u00e9s aqu\u00ed<\/a>, que segur que podria ser d&#8217;inter\u00e8s.<\/p>\n<p>I ja aprofitant, si t&#8217;omplen la casa de regals per anar a viure i mudar-te a un palau, ja que, necessitar\u00e0s tot l&#8217;espai del m\u00f3n, <a href=\"http:\/\/metre.emfasi.es\/ca\/mudances\/\">tamb\u00e9 pots comptar amb nosaltres per a la mudan\u00e7a<\/a>, ja que en som experts i professionals. T&#8217;ho portem i gestionem tot, sense risc que cap regal es perdi ni es pugui fer malb\u00e9.<\/p>\n<h3>D&#8217;oferta a oferta i compro perqu\u00e8 em toca<\/h3>\n<p>Com coment\u00e0vem abans, ja entrant al novembre, tenim tots els aparadors adornats de Nadal, ofertes de tota mena com el Black Friday, llums per tot arreu per als que troben a faltar el Sol, etc. En el fons \u00e9s tot molt bonic, encara que si no ets dels que els agraden molt els regals i tothom comprar\u00e0 com a bojos compulsivament. De vegades, ni sabem el que comprarem, per\u00f2 potser aquest \u00e9s el secret per a un Bon Nadal, comprar sense importar el que, si no el qui. Aix\u00ed que si ets dels que van per avan\u00e7ar-se als regals del Ti\u00f3, el Pare Noel, o els reis mags, potser ja vas una mica tard.<\/p>\n<h2>Quin \u00e9s el secret per a un Bon Nadal?<\/h2>\n<p>Per\u00f2 tornant a Nadal, al final quin \u00e9s el secret per a un Bon Nadal realment? La veritat \u00e9s que no hi ha un secret \u00fanic per a tothom. Ja siguis un fan\u00e0tic del Nadal que viu aquesta \u00e8poca amb total fervor, tant com si ets un ermit\u00e0 que s&#8217;amaga del fred fins que passi, tots tenim una cosa en com\u00fa: cadasc\u00fa s&#8217;ho munta a la seva manera. Podria semblar obvi, per\u00f2 \u00e9s clar que ning\u00fa no t\u00e9 la manera perfecta de celebrar i gaudir de Nadal, per\u00f2 viure al m\u00e0xim cada moment, sigui en fam\u00edlia, sol, amb amics o l&#8217;amor de la teva vida, \u00e9s el que marca la difer\u00e8ncia.<\/p>\n<p>Siguis com siguis, des de <a href=\"http:\/\/metre.emfasi.es\/ca\/\">Metrecubic<\/a> us desitgem Bon Nadal!<\/p>\n","protected":false},"excerpt":{"rendered":"<p>Quantes s\u00f3n les vegades que ens haurem arribat a preguntar quin era el secret per tenir un Bon Nadal? Sou dels que pensen que ja des d&#8217;octubre no cal que tots els supermercats estiguin plens de torrons i polvorons? Pertanyeu als que porten l&#8217;outfit complet de Nadal des d&#8217;estiu? O ja esteu empatxats del Nadal [&hellip;]<\/p>\n","protected":false},"author":22,"featured_media":30149,"comment_status":"open","ping_status":"open","sticky":false,"template":"","format":"standard","meta":{"_et_pb_use_builder":"","_et_pb_old_content":"","_et_gb_content_width":"","footnotes":""},"categories":[34],"tags":[],"yoast_head":"<!-- This site is optimized with the Yoast SEO plugin v22.1 - https:\/\/yoast.com\/wordpress\/plugins\/seo\/ -->\n<title>El secret per tenir un Bon Nadal - Metrecubic<\/title>\n<meta name=\"description\" content=\"Quantes s\u00f3n les vegades que ens haurem arribat a preguntar quin era el secret per tenir un Bon Nadal? Sou dels que pensen que ja des d&#039;octubre no cal que tots els supermercats estiguin plens de torrons i polvorons?\" \/>\n<meta name=\"robots\" content=\"noindex, follow, max-snippet:-1, max-image-preview:large, max-video-preview:-1\" \/>\n<meta property=\"og:locale\" content=\"ca_ES\" \/>\n<meta property=\"og:type\" content=\"article\" \/>\n<meta property=\"og:title\" content=\"El secret per tenir un Bon Nadal - Metrecubic\" \/>\n<meta property=\"og:description\" content=\"Quantes s\u00f3n les vegades que ens haurem arribat a preguntar quin era el secret per tenir un Bon Nadal? Sou dels que pensen que ja des d&#039;octubre no cal que tots els supermercats estiguin plens de torrons i polvorons?\" \/>\n<meta property=\"og:url\" content=\"https:\/\/metre.emfasi.es\/ca\/el-secret-per-tenir-un-bon-nadal\/\" \/>\n<meta property=\"og:site_name\" content=\"Metrecubic\" \/>\n<meta property=\"article:published_time\" content=\"2023-12-23T12:38:49+00:00\" \/>\n<meta property=\"article:modified_time\" content=\"2024-01-31T15:51:25+00:00\" \/>\n<meta property=\"og:image\" content=\"https:\/\/metre.emfasi.es\/wp-content\/uploads\/2023\/12\/El-secreto-para-una-Feliz-Navidad-scaled.webp\" \/>\n\t<meta property=\"og:image:width\" content=\"2560\" \/>\n\t<meta property=\"og:image:height\" content=\"1707\" \/>\n\t<meta property=\"og:image:type\" content=\"image\/webp\" \/>\n<meta name=\"author\" content=\"Volcanogrup\" \/>\n<meta name=\"twitter:card\" content=\"summary_large_image\" \/>\n<meta name=\"twitter:label1\" content=\"Escrit per\" \/>\n\t<meta name=\"twitter:data1\" content=\"Volcanogrup\" \/>\n\t<meta name=\"twitter:label2\" content=\"Temps estimat de lectura\" \/>\n\t<meta name=\"twitter:data2\" content=\"5 minuts\" \/>\n<script type=\"application\/ld+json\" class=\"yoast-schema-graph\">{\"@context\":\"https:\/\/schema.org\",\"@graph\":[{\"@type\":\"Article\",\"@id\":\"https:\/\/metre.emfasi.es\/ca\/el-secret-per-tenir-un-bon-nadal\/#article\",\"isPartOf\":{\"@id\":\"https:\/\/metre.emfasi.es\/ca\/el-secret-per-tenir-un-bon-nadal\/\"},\"author\":{\"name\":\"Volcanogrup\",\"@id\":\"https:\/\/metre.emfasi.es\/#\/schema\/person\/a7a16105391b9c536cd0ecc6d219495b\"},\"headline\":\"El secret per tenir un Bon Nadal\",\"datePublished\":\"2023-12-23T12:38:49+00:00\",\"dateModified\":\"2024-01-31T15:51:25+00:00\",\"mainEntityOfPage\":{\"@id\":\"https:\/\/metre.emfasi.es\/ca\/el-secret-per-tenir-un-bon-nadal\/\"},\"wordCount\":1079,\"commentCount\":0,\"publisher\":{\"@id\":\"https:\/\/metre.emfasi.es\/#organization\"},\"articleSection\":[\"Actualitat\"],\"inLanguage\":\"ca\",\"potentialAction\":[{\"@type\":\"CommentAction\",\"name\":\"Comment\",\"target\":[\"https:\/\/metre.emfasi.es\/ca\/el-secret-per-tenir-un-bon-nadal\/#respond\"]}]},{\"@type\":\"WebPage\",\"@id\":\"https:\/\/metre.emfasi.es\/ca\/el-secret-per-tenir-un-bon-nadal\/\",\"url\":\"https:\/\/metre.emfasi.es\/ca\/el-secret-per-tenir-un-bon-nadal\/\",\"name\":\"El secret per tenir un Bon Nadal - Metrecubic\",\"isPartOf\":{\"@id\":\"https:\/\/metre.emfasi.es\/#website\"},\"datePublished\":\"2023-12-23T12:38:49+00:00\",\"dateModified\":\"2024-01-31T15:51:25+00:00\",\"description\":\"Quantes s\u00f3n les vegades que ens haurem arribat a preguntar quin era el secret per tenir un Bon Nadal? Sou dels que pensen que ja des d'octubre no cal que tots els supermercats estiguin plens de torrons i polvorons?\",\"breadcrumb\":{\"@id\":\"https:\/\/metre.emfasi.es\/ca\/el-secret-per-tenir-un-bon-nadal\/#breadcrumb\"},\"inLanguage\":\"ca\",\"potentialAction\":[{\"@type\":\"ReadAction\",\"target\":[\"https:\/\/metre.emfasi.es\/ca\/el-secret-per-tenir-un-bon-nadal\/\"]}]},{\"@type\":\"BreadcrumbList\",\"@id\":\"https:\/\/metre.emfasi.es\/ca\/el-secret-per-tenir-un-bon-nadal\/#breadcrumb\",\"itemListElement\":[{\"@type\":\"ListItem\",\"position\":1,\"name\":\"Portada\",\"item\":\"https:\/\/metre.emfasi.es\/ca\/\"},{\"@type\":\"ListItem\",\"position\":2,\"name\":\"El secret per tenir un Bon Nadal\"}]},{\"@type\":\"WebSite\",\"@id\":\"https:\/\/metre.emfasi.es\/#website\",\"url\":\"https:\/\/metre.emfasi.es\/\",\"name\":\"Metrecubic\",\"description\":\"Alquiler de trasteros y minialmacenes privados.\",\"publisher\":{\"@id\":\"https:\/\/metre.emfasi.es\/#organization\"},\"potentialAction\":[{\"@type\":\"SearchAction\",\"target\":{\"@type\":\"EntryPoint\",\"urlTemplate\":\"https:\/\/metre.emfasi.es\/?s={search_term_string}\"},\"query-input\":\"required name=search_term_string\"}],\"inLanguage\":\"ca\"},{\"@type\":\"Organization\",\"@id\":\"https:\/\/metre.emfasi.es\/#organization\",\"name\":\"METRECUBIC trasteros y mudanzas\",\"url\":\"https:\/\/metre.emfasi.es\/\",\"logo\":{\"@type\":\"ImageObject\",\"inLanguage\":\"ca\",\"@id\":\"https:\/\/metre.emfasi.es\/#\/schema\/logo\/image\/\",\"url\":\"http:\/\/metre.emfasi.es\/wp-content\/uploads\/2017\/09\/logo-capsalera.gif\",\"contentUrl\":\"http:\/\/metre.emfasi.es\/wp-content\/uploads\/2017\/09\/logo-capsalera.gif\",\"width\":118,\"height\":117,\"caption\":\"METRECUBIC trasteros y mudanzas\"},\"image\":{\"@id\":\"https:\/\/metre.emfasi.es\/#\/schema\/logo\/image\/\"}},{\"@type\":\"Person\",\"@id\":\"https:\/\/metre.emfasi.es\/#\/schema\/person\/a7a16105391b9c536cd0ecc6d219495b\",\"name\":\"Volcanogrup\",\"image\":{\"@type\":\"ImageObject\",\"inLanguage\":\"ca\",\"@id\":\"https:\/\/metre.emfasi.es\/#\/schema\/person\/image\/\",\"url\":\"https:\/\/secure.gravatar.com\/avatar\/768916a29ebccf4c5b56f790e3397419?s=96&d=mm&r=g\",\"contentUrl\":\"https:\/\/secure.gravatar.com\/avatar\/768916a29ebccf4c5b56f790e3397419?s=96&d=mm&r=g\",\"caption\":\"Volcanogrup\"},\"url\":\"https:\/\/metre.emfasi.es\/ca\/author\/slunavolcanogrup-com\/\"}]}<\/script>\n<!-- \/ Yoast SEO plugin. -->","yoast_head_json":{"title":"El secret per tenir un Bon Nadal - Metrecubic","description":"Quantes s\u00f3n les vegades que ens haurem arribat a preguntar quin era el secret per tenir un Bon Nadal? Sou dels que pensen que ja des d'octubre no cal que tots els supermercats estiguin plens de torrons i polvorons?","robots":{"index":"noindex","follow":"follow","max-snippet":"max-snippet:-1","max-image-preview":"max-image-preview:large","max-video-preview":"max-video-preview:-1"},"og_locale":"ca_ES","og_type":"article","og_title":"El secret per tenir un Bon Nadal - Metrecubic","og_description":"Quantes s\u00f3n les vegades que ens haurem arribat a preguntar quin era el secret per tenir un Bon Nadal? Sou dels que pensen que ja des d'octubre no cal que tots els supermercats estiguin plens de torrons i polvorons?","og_url":"https:\/\/metre.emfasi.es\/ca\/el-secret-per-tenir-un-bon-nadal\/","og_site_name":"Metrecubic","article_published_time":"2023-12-23T12:38:49+00:00","article_modified_time":"2024-01-31T15:51:25+00:00","og_image":[{"width":2560,"height":1707,"url":"https:\/\/metre.emfasi.es\/wp-content\/uploads\/2023\/12\/El-secreto-para-una-Feliz-Navidad-scaled.webp","type":"image\/webp"}],"author":"Volcanogrup","twitter_card":"summary_large_image","twitter_misc":{"Escrit per":"Volcanogrup","Temps estimat de lectura":"5 minuts"},"schema":{"@context":"https:\/\/schema.org","@graph":[{"@type":"Article","@id":"https:\/\/metre.emfasi.es\/ca\/el-secret-per-tenir-un-bon-nadal\/#article","isPartOf":{"@id":"https:\/\/metre.emfasi.es\/ca\/el-secret-per-tenir-un-bon-nadal\/"},"author":{"name":"Volcanogrup","@id":"https:\/\/metre.emfasi.es\/#\/schema\/person\/a7a16105391b9c536cd0ecc6d219495b"},"headline":"El secret per tenir un Bon Nadal","datePublished":"2023-12-23T12:38:49+00:00","dateModified":"2024-01-31T15:51:25+00:00","mainEntityOfPage":{"@id":"https:\/\/metre.emfasi.es\/ca\/el-secret-per-tenir-un-bon-nadal\/"},"wordCount":1079,"commentCount":0,"publisher":{"@id":"https:\/\/metre.emfasi.es\/#organization"},"articleSection":["Actualitat"],"inLanguage":"ca","potentialAction":[{"@type":"CommentAction","name":"Comment","target":["https:\/\/metre.emfasi.es\/ca\/el-secret-per-tenir-un-bon-nadal\/#respond"]}]},{"@type":"WebPage","@id":"https:\/\/metre.emfasi.es\/ca\/el-secret-per-tenir-un-bon-nadal\/","url":"https:\/\/metre.emfasi.es\/ca\/el-secret-per-tenir-un-bon-nadal\/","name":"El secret per tenir un Bon Nadal - Metrecubic","isPartOf":{"@id":"https:\/\/metre.emfasi.es\/#website"},"datePublished":"2023-12-23T12:38:49+00:00","dateModified":"2024-01-31T15:51:25+00:00","description":"Quantes s\u00f3n les vegades que ens haurem arribat a preguntar quin era el secret per tenir un Bon Nadal? Sou dels que pensen que ja des d'octubre no cal que tots els supermercats estiguin plens de torrons i polvorons?","breadcrumb":{"@id":"https:\/\/metre.emfasi.es\/ca\/el-secret-per-tenir-un-bon-nadal\/#breadcrumb"},"inLanguage":"ca","potentialAction":[{"@type":"ReadAction","target":["https:\/\/metre.emfasi.es\/ca\/el-secret-per-tenir-un-bon-nadal\/"]}]},{"@type":"BreadcrumbList","@id":"https:\/\/metre.emfasi.es\/ca\/el-secret-per-tenir-un-bon-nadal\/#breadcrumb","itemListElement":[{"@type":"ListItem","position":1,"name":"Portada","item":"https:\/\/metre.emfasi.es\/ca\/"},{"@type":"ListItem","position":2,"name":"El secret per tenir un Bon Nadal"}]},{"@type":"WebSite","@id":"https:\/\/metre.emfasi.es\/#website","url":"https:\/\/metre.emfasi.es\/","name":"Metrecubic","description":"Alquiler de trasteros y minialmacenes privados.","publisher":{"@id":"https:\/\/metre.emfasi.es\/#organization"},"potentialAction":[{"@type":"SearchAction","target":{"@type":"EntryPoint","urlTemplate":"https:\/\/metre.emfasi.es\/?s={search_term_string}"},"query-input":"required name=search_term_string"}],"inLanguage":"ca"},{"@type":"Organization","@id":"https:\/\/metre.emfasi.es\/#organization","name":"METRECUBIC trasteros y mudanzas","url":"https:\/\/metre.emfasi.es\/","logo":{"@type":"ImageObject","inLanguage":"ca","@id":"https:\/\/metre.emfasi.es\/#\/schema\/logo\/image\/","url":"http:\/\/metre.emfasi.es\/wp-content\/uploads\/2017\/09\/logo-capsalera.gif","contentUrl":"http:\/\/metre.emfasi.es\/wp-content\/uploads\/2017\/09\/logo-capsalera.gif","width":118,"height":117,"caption":"METRECUBIC trasteros y mudanzas"},"image":{"@id":"https:\/\/metre.emfasi.es\/#\/schema\/logo\/image\/"}},{"@type":"Person","@id":"https:\/\/metre.emfasi.es\/#\/schema\/person\/a7a16105391b9c536cd0ecc6d219495b","name":"Volcanogrup","image":{"@type":"ImageObject","inLanguage":"ca","@id":"https:\/\/metre.emfasi.es\/#\/schema\/person\/image\/","url":"https:\/\/secure.gravatar.com\/avatar\/768916a29ebccf4c5b56f790e3397419?s=96&d=mm&r=g","contentUrl":"https:\/\/secure.gravatar.com\/avatar\/768916a29ebccf4c5b56f790e3397419?s=96&d=mm&r=g","caption":"Volcanogrup"},"url":"https:\/\/metre.emfasi.es\/ca\/author\/slunavolcanogrup-com\/"}]}},"_links":{"self":[{"href":"https:\/\/metre.emfasi.es\/ca\/wp-json\/wp\/v2\/posts\/30699"}],"collection":[{"href":"https:\/\/metre.emfasi.es\/ca\/wp-json\/wp\/v2\/posts"}],"about":[{"href":"https:\/\/metre.emfasi.es\/ca\/wp-json\/wp\/v2\/types\/post"}],"author":[{"embeddable":true,"href":"https:\/\/metre.emfasi.es\/ca\/wp-json\/wp\/v2\/users\/22"}],"replies":[{"embeddable":true,"href":"https:\/\/metre.emfasi.es\/ca\/wp-json\/wp\/v2\/comments?post=30699"}],"version-history":[{"count":0,"href":"https:\/\/metre.emfasi.es\/ca\/wp-json\/wp\/v2\/posts\/30699\/revisions"}],"wp:featuredmedia":[{"embeddable":true,"href":"https:\/\/metre.emfasi.es\/ca\/wp-json\/wp\/v2\/media\/30149"}],"wp:attachment":[{"href":"https:\/\/metre.emfasi.es\/ca\/wp-json\/wp\/v2\/media?parent=30699"}],"wp:term":[{"taxonomy":"category","embeddable":true,"href":"https:\/\/metre.emfasi.es\/ca\/wp-json\/wp\/v2\/categories?post=30699"},{"taxonomy":"post_tag","embeddable":true,"href":"https:\/\/metre.emfasi.es\/ca\/wp-json\/wp\/v2\/tags?post=30699"}],"curies":[{"name":"wp","href":"https:\/\/api.w.org\/{rel}","templated":true}]}}