{"id":31203,"date":"2024-02-28T15:33:58","date_gmt":"2024-02-28T14:33:58","guid":{"rendered":"http:\/\/metre.emfasi.es\/hacer-una-buena-mudanza\/"},"modified":"2024-02-29T13:42:09","modified_gmt":"2024-02-29T12:42:09","slug":"fer-una-bona-mudanca","status":"publish","type":"post","link":"https:\/\/metre.emfasi.es\/ca\/fer-una-bona-mudanca\/","title":{"rendered":"Fer una bona mudan\u00e7a"},"content":{"rendered":"<p><span style=\"font-weight: 400;\">Tots sabem el tedi\u00f3s que pot arribar a ser fer una bona mudan\u00e7a. \u00c9s per aix\u00f2 que des de\u00a0 <\/span><a href=\"http:\/\/metre.emfasi.es\/\"><span style=\"font-weight: 400;\">Metrecubic<\/span><\/a><span style=\"font-weight: 400;\"> us portem alguns consells per a fer les coses f\u00e0cils per a les teves mudances.<\/span><\/p>\n<h2>Planifica <span style=\"font-weight: 400;\">amb temps per a una bona mudan\u00e7a<\/span><\/h2>\n<p><span style=\"font-weight: 400;\">No fa falta dir que preparar-ho tot just la nit anterior \u00e9s la pitjor de les decisions si vols fer una bona mudan\u00e7a i, sobretot, que sigui m\u00e9s tranquil\u00b7la i sense imprevistos. La mudan\u00e7a implica una planificaci\u00f3 acurada que abasta l&#8217;estimaci\u00f3 de recursos financers, temps, obtenci\u00f3 de permisos, programaci\u00f3 de serveis i altres tasques. Per aix\u00f2, suggerim que et preparis amb antelaci\u00f3 i evitis fer-ho tot en l&#8217;\u00faltim moment. Organitza&#8217;t! Dedica algunes hores en els dies previs per a anar embalant gradualment les teves pertinences i altres tasques.<\/span><\/p>\n<h2><span style=\"font-weight: 400;\">Embalar b\u00e9 els objectes delicats<\/span><\/h2>\n<p><span style=\"font-weight: 400;\">\u00c9s fonamental embalar adequadament els diversos articles per a evitar contratemps durant la mudan\u00e7a. Assegura&#8217;t d&#8217;embolicar acuradament els ganivets de cuina, protegir els objectes delicats i de valor per a prevenir trencaments. Aix\u00ed mateix, per a fer una bona mudan\u00e7a, cal tenir en compte coses com organitzar els llibres per grand\u00e0ria en les caixes per a maximitzar l&#8217;espai de manera eficient, o no posar res que de pes damunt del qual pugui trencar.<\/span><\/p>\n<h2>No tanquis les caixes per a la mudan\u00e7a fins que estiguin plenes<\/h2>\n<p><span style=\"font-weight: 400;\">Encara que sembli obvi, esperar a tancar les caixes fins que estiguin completament plenes \u00e9s una de les claus per a fer una bona mudan\u00e7a. A m\u00e9s, si tot \u00e9s de la mateixa categoria, tindr\u00e0s menys dificultats a l&#8217;hora de desembalar. Aix\u00ed doncs, abans de segellar-les, verifiquem que no ens falti res, ja que a vegades se&#8217;ns pot escapar, per exemple, una cullera, o un llibre que ens hem pogut deixar sense voler.<\/span><\/p>\n<h2>Retola b\u00e9 les caixes que utilitzar\u00e1s per a la mudan\u00e7a<\/h2>\n<p><span style=\"font-weight: 400;\">Si t&#8217;has planificat amb temps i ho est\u00e0s fent tot, m\u00e9s o menys, segons el planejat, aix\u00f2 no ser\u00e0 una cosa que et porti molt mal de cap i aconseguir\u00e0s fer una bona mudan\u00e7a. Aix\u00f2 et permetr\u00e0 a tu, o en el cas que contractis una empresa de mudances, saber on va cada element i estalviar temps. Dedica un temps a posar detalladament quin, o quines coses van en cada caixa. D&#8217;altra banda, evita usar paraules molt \u00e0mplies com a varis, i detalla b\u00e9 el que hi ha en cada caixa. No oblidis marcar en vermell el que contingui objectes delicats!<\/span><\/p>\n<h2>Contractar una empresa professional de mudances<\/h2>\n<p><span style=\"font-weight: 400;\">Si alguna cosa \u00e9s clar si vols haver de preocupar-te del m\u00ednim, de no estar pensant en la paperassa, la gesti\u00f3 de vehicles, que no es trenqui res, i tota la resta; la soluci\u00f3 perfecta \u00e9s una empresa de mudances professional, perqu\u00e8 una mudan\u00e7a surti tan b\u00e9 com sigui possible i sense preocupacions. En el cas de Metrecubic, tenim experi\u00e8ncia i els recursos per a qualsevol mena de mudan\u00e7a, sigui nacional o internacional. Tota la informaci\u00f3 sobre com fem eficaces i f\u00e0cils les mudances la pots <\/span><a href=\"http:\/\/metre.emfasi.es\/mudanzas\/\"><span style=\"font-weight: 400;\">trobar aqu\u00ed<\/span><\/a><span style=\"font-weight: 400;\">.<\/span><\/p>\n<h3>Contacta amb Metrecubic per a fer una bona mudan\u00e7a<\/h3>\n<p><span style=\"font-weight: 400;\">No dubtis a <\/span><a href=\"http:\/\/metre.emfasi.es\/contacto\/\"><span style=\"font-weight: 400;\">contactar amb nosaltres<\/span><\/a><span style=\"font-weight: 400;\"> i preguntar sobre la informaci\u00f3 que necessitis, aix\u00ed com contractar qualsevol mena de mudan\u00e7a. En el nostre cas, tamb\u00e9 comptem amb lloguer de magatzems en els quals podr\u00e0s guardar qualsevol cosa que necessitis durant la mudan\u00e7a. Som aqu\u00ed per a ajudar-te.<\/span><\/p>\n","protected":false},"excerpt":{"rendered":"<p>Tots sabem el tedi\u00f3s que pot arribar a ser fer una bona mudan\u00e7a. \u00c9s per aix\u00f2 que des de\u00a0 Metrecubic us portem alguns consells per a fer les coses f\u00e0cils per a les teves mudances. Planifica amb temps per a una bona mudan\u00e7a No fa falta dir que preparar-ho tot just la nit anterior \u00e9s [&hellip;]<\/p>\n","protected":false},"author":22,"featured_media":30670,"comment_status":"open","ping_status":"open","sticky":false,"template":"","format":"standard","meta":{"_et_pb_use_builder":"","_et_pb_old_content":"","_et_gb_content_width":"","footnotes":""},"categories":[34],"tags":[],"yoast_head":"<!-- This site is optimized with the Yoast SEO plugin v22.1 - https:\/\/yoast.com\/wordpress\/plugins\/seo\/ -->\n<title>Fer una bona mudan\u00e7a - Metrecubic<\/title>\n<meta name=\"description\" content=\"Tots sabem el tedi\u00f3s que pot arribar a ser fer una bona mudan\u00e7a. \u00c9s per aix\u00f2 que des de Metrecubic us portem alguns consells.\" \/>\n<meta name=\"robots\" content=\"noindex, follow, max-snippet:-1, max-image-preview:large, max-video-preview:-1\" \/>\n<meta property=\"og:locale\" content=\"ca_ES\" \/>\n<meta property=\"og:type\" content=\"article\" \/>\n<meta property=\"og:title\" content=\"Fer una bona mudan\u00e7a - Metrecubic\" \/>\n<meta property=\"og:description\" content=\"Tots sabem el tedi\u00f3s que pot arribar a ser fer una bona mudan\u00e7a. \u00c9s per aix\u00f2 que des de Metrecubic us portem alguns consells.\" \/>\n<meta property=\"og:url\" content=\"https:\/\/metre.emfasi.es\/ca\/fer-una-bona-mudanca\/\" \/>\n<meta property=\"og:site_name\" content=\"Metrecubic\" \/>\n<meta property=\"article:published_time\" content=\"2024-02-28T14:33:58+00:00\" \/>\n<meta property=\"article:modified_time\" content=\"2024-02-29T12:42:09+00:00\" \/>\n<meta property=\"og:image\" content=\"https:\/\/metre.emfasi.es\/wp-content\/uploads\/2024\/01\/hacer-una-buena-mudanza-scaled.webp\" \/>\n\t<meta property=\"og:image:width\" content=\"2560\" \/>\n\t<meta property=\"og:image:height\" content=\"1595\" \/>\n\t<meta property=\"og:image:type\" content=\"image\/webp\" \/>\n<meta name=\"author\" content=\"Volcanogrup\" \/>\n<meta name=\"twitter:card\" content=\"summary_large_image\" \/>\n<meta name=\"twitter:label1\" content=\"Escrit per\" \/>\n\t<meta name=\"twitter:data1\" content=\"Volcanogrup\" \/>\n\t<meta name=\"twitter:label2\" content=\"Temps estimat de lectura\" \/>\n\t<meta name=\"twitter:data2\" content=\"3 minuts\" \/>\n<script type=\"application\/ld+json\" class=\"yoast-schema-graph\">{\"@context\":\"https:\/\/schema.org\",\"@graph\":[{\"@type\":\"Article\",\"@id\":\"https:\/\/metre.emfasi.es\/ca\/fer-una-bona-mudanca\/#article\",\"isPartOf\":{\"@id\":\"https:\/\/metre.emfasi.es\/ca\/fer-una-bona-mudanca\/\"},\"author\":{\"name\":\"Volcanogrup\",\"@id\":\"https:\/\/metre.emfasi.es\/#\/schema\/person\/a7a16105391b9c536cd0ecc6d219495b\"},\"headline\":\"Fer una bona mudan\u00e7a\",\"datePublished\":\"2024-02-28T14:33:58+00:00\",\"dateModified\":\"2024-02-29T12:42:09+00:00\",\"mainEntityOfPage\":{\"@id\":\"https:\/\/metre.emfasi.es\/ca\/fer-una-bona-mudanca\/\"},\"wordCount\":600,\"commentCount\":0,\"publisher\":{\"@id\":\"https:\/\/metre.emfasi.es\/#organization\"},\"articleSection\":[\"Actualitat\"],\"inLanguage\":\"ca\",\"potentialAction\":[{\"@type\":\"CommentAction\",\"name\":\"Comment\",\"target\":[\"https:\/\/metre.emfasi.es\/ca\/fer-una-bona-mudanca\/#respond\"]}]},{\"@type\":\"WebPage\",\"@id\":\"https:\/\/metre.emfasi.es\/ca\/fer-una-bona-mudanca\/\",\"url\":\"https:\/\/metre.emfasi.es\/ca\/fer-una-bona-mudanca\/\",\"name\":\"Fer una bona mudan\u00e7a - Metrecubic\",\"isPartOf\":{\"@id\":\"https:\/\/metre.emfasi.es\/#website\"},\"datePublished\":\"2024-02-28T14:33:58+00:00\",\"dateModified\":\"2024-02-29T12:42:09+00:00\",\"description\":\"Tots sabem el tedi\u00f3s que pot arribar a ser fer una bona mudan\u00e7a. \u00c9s per aix\u00f2 que des de Metrecubic us portem alguns consells.\",\"breadcrumb\":{\"@id\":\"https:\/\/metre.emfasi.es\/ca\/fer-una-bona-mudanca\/#breadcrumb\"},\"inLanguage\":\"ca\",\"potentialAction\":[{\"@type\":\"ReadAction\",\"target\":[\"https:\/\/metre.emfasi.es\/ca\/fer-una-bona-mudanca\/\"]}]},{\"@type\":\"BreadcrumbList\",\"@id\":\"https:\/\/metre.emfasi.es\/ca\/fer-una-bona-mudanca\/#breadcrumb\",\"itemListElement\":[{\"@type\":\"ListItem\",\"position\":1,\"name\":\"Portada\",\"item\":\"https:\/\/metre.emfasi.es\/ca\/\"},{\"@type\":\"ListItem\",\"position\":2,\"name\":\"Fer una bona mudan\u00e7a\"}]},{\"@type\":\"WebSite\",\"@id\":\"https:\/\/metre.emfasi.es\/#website\",\"url\":\"https:\/\/metre.emfasi.es\/\",\"name\":\"Metrecubic\",\"description\":\"Alquiler de trasteros y minialmacenes privados.\",\"publisher\":{\"@id\":\"https:\/\/metre.emfasi.es\/#organization\"},\"potentialAction\":[{\"@type\":\"SearchAction\",\"target\":{\"@type\":\"EntryPoint\",\"urlTemplate\":\"https:\/\/metre.emfasi.es\/?s={search_term_string}\"},\"query-input\":\"required name=search_term_string\"}],\"inLanguage\":\"ca\"},{\"@type\":\"Organization\",\"@id\":\"https:\/\/metre.emfasi.es\/#organization\",\"name\":\"METRECUBIC trasteros y mudanzas\",\"url\":\"https:\/\/metre.emfasi.es\/\",\"logo\":{\"@type\":\"ImageObject\",\"inLanguage\":\"ca\",\"@id\":\"https:\/\/metre.emfasi.es\/#\/schema\/logo\/image\/\",\"url\":\"http:\/\/metre.emfasi.es\/wp-content\/uploads\/2017\/09\/logo-capsalera.gif\",\"contentUrl\":\"http:\/\/metre.emfasi.es\/wp-content\/uploads\/2017\/09\/logo-capsalera.gif\",\"width\":118,\"height\":117,\"caption\":\"METRECUBIC trasteros y mudanzas\"},\"image\":{\"@id\":\"https:\/\/metre.emfasi.es\/#\/schema\/logo\/image\/\"}},{\"@type\":\"Person\",\"@id\":\"https:\/\/metre.emfasi.es\/#\/schema\/person\/a7a16105391b9c536cd0ecc6d219495b\",\"name\":\"Volcanogrup\",\"image\":{\"@type\":\"ImageObject\",\"inLanguage\":\"ca\",\"@id\":\"https:\/\/metre.emfasi.es\/#\/schema\/person\/image\/\",\"url\":\"https:\/\/secure.gravatar.com\/avatar\/768916a29ebccf4c5b56f790e3397419?s=96&d=mm&r=g\",\"contentUrl\":\"https:\/\/secure.gravatar.com\/avatar\/768916a29ebccf4c5b56f790e3397419?s=96&d=mm&r=g\",\"caption\":\"Volcanogrup\"},\"url\":\"https:\/\/metre.emfasi.es\/ca\/author\/slunavolcanogrup-com\/\"}]}<\/script>\n<!-- \/ Yoast SEO plugin. -->","yoast_head_json":{"title":"Fer una bona mudan\u00e7a - Metrecubic","description":"Tots sabem el tedi\u00f3s que pot arribar a ser fer una bona mudan\u00e7a. \u00c9s per aix\u00f2 que des de Metrecubic us portem alguns consells.","robots":{"index":"noindex","follow":"follow","max-snippet":"max-snippet:-1","max-image-preview":"max-image-preview:large","max-video-preview":"max-video-preview:-1"},"og_locale":"ca_ES","og_type":"article","og_title":"Fer una bona mudan\u00e7a - Metrecubic","og_description":"Tots sabem el tedi\u00f3s que pot arribar a ser fer una bona mudan\u00e7a. \u00c9s per aix\u00f2 que des de Metrecubic us portem alguns consells.","og_url":"https:\/\/metre.emfasi.es\/ca\/fer-una-bona-mudanca\/","og_site_name":"Metrecubic","article_published_time":"2024-02-28T14:33:58+00:00","article_modified_time":"2024-02-29T12:42:09+00:00","og_image":[{"width":2560,"height":1595,"url":"https:\/\/metre.emfasi.es\/wp-content\/uploads\/2024\/01\/hacer-una-buena-mudanza-scaled.webp","type":"image\/webp"}],"author":"Volcanogrup","twitter_card":"summary_large_image","twitter_misc":{"Escrit per":"Volcanogrup","Temps estimat de lectura":"3 minuts"},"schema":{"@context":"https:\/\/schema.org","@graph":[{"@type":"Article","@id":"https:\/\/metre.emfasi.es\/ca\/fer-una-bona-mudanca\/#article","isPartOf":{"@id":"https:\/\/metre.emfasi.es\/ca\/fer-una-bona-mudanca\/"},"author":{"name":"Volcanogrup","@id":"https:\/\/metre.emfasi.es\/#\/schema\/person\/a7a16105391b9c536cd0ecc6d219495b"},"headline":"Fer una bona mudan\u00e7a","datePublished":"2024-02-28T14:33:58+00:00","dateModified":"2024-02-29T12:42:09+00:00","mainEntityOfPage":{"@id":"https:\/\/metre.emfasi.es\/ca\/fer-una-bona-mudanca\/"},"wordCount":600,"commentCount":0,"publisher":{"@id":"https:\/\/metre.emfasi.es\/#organization"},"articleSection":["Actualitat"],"inLanguage":"ca","potentialAction":[{"@type":"CommentAction","name":"Comment","target":["https:\/\/metre.emfasi.es\/ca\/fer-una-bona-mudanca\/#respond"]}]},{"@type":"WebPage","@id":"https:\/\/metre.emfasi.es\/ca\/fer-una-bona-mudanca\/","url":"https:\/\/metre.emfasi.es\/ca\/fer-una-bona-mudanca\/","name":"Fer una bona mudan\u00e7a - Metrecubic","isPartOf":{"@id":"https:\/\/metre.emfasi.es\/#website"},"datePublished":"2024-02-28T14:33:58+00:00","dateModified":"2024-02-29T12:42:09+00:00","description":"Tots sabem el tedi\u00f3s que pot arribar a ser fer una bona mudan\u00e7a. \u00c9s per aix\u00f2 que des de Metrecubic us portem alguns consells.","breadcrumb":{"@id":"https:\/\/metre.emfasi.es\/ca\/fer-una-bona-mudanca\/#breadcrumb"},"inLanguage":"ca","potentialAction":[{"@type":"ReadAction","target":["https:\/\/metre.emfasi.es\/ca\/fer-una-bona-mudanca\/"]}]},{"@type":"BreadcrumbList","@id":"https:\/\/metre.emfasi.es\/ca\/fer-una-bona-mudanca\/#breadcrumb","itemListElement":[{"@type":"ListItem","position":1,"name":"Portada","item":"https:\/\/metre.emfasi.es\/ca\/"},{"@type":"ListItem","position":2,"name":"Fer una bona mudan\u00e7a"}]},{"@type":"WebSite","@id":"https:\/\/metre.emfasi.es\/#website","url":"https:\/\/metre.emfasi.es\/","name":"Metrecubic","description":"Alquiler de trasteros y minialmacenes privados.","publisher":{"@id":"https:\/\/metre.emfasi.es\/#organization"},"potentialAction":[{"@type":"SearchAction","target":{"@type":"EntryPoint","urlTemplate":"https:\/\/metre.emfasi.es\/?s={search_term_string}"},"query-input":"required name=search_term_string"}],"inLanguage":"ca"},{"@type":"Organization","@id":"https:\/\/metre.emfasi.es\/#organization","name":"METRECUBIC trasteros y mudanzas","url":"https:\/\/metre.emfasi.es\/","logo":{"@type":"ImageObject","inLanguage":"ca","@id":"https:\/\/metre.emfasi.es\/#\/schema\/logo\/image\/","url":"http:\/\/metre.emfasi.es\/wp-content\/uploads\/2017\/09\/logo-capsalera.gif","contentUrl":"http:\/\/metre.emfasi.es\/wp-content\/uploads\/2017\/09\/logo-capsalera.gif","width":118,"height":117,"caption":"METRECUBIC trasteros y mudanzas"},"image":{"@id":"https:\/\/metre.emfasi.es\/#\/schema\/logo\/image\/"}},{"@type":"Person","@id":"https:\/\/metre.emfasi.es\/#\/schema\/person\/a7a16105391b9c536cd0ecc6d219495b","name":"Volcanogrup","image":{"@type":"ImageObject","inLanguage":"ca","@id":"https:\/\/metre.emfasi.es\/#\/schema\/person\/image\/","url":"https:\/\/secure.gravatar.com\/avatar\/768916a29ebccf4c5b56f790e3397419?s=96&d=mm&r=g","contentUrl":"https:\/\/secure.gravatar.com\/avatar\/768916a29ebccf4c5b56f790e3397419?s=96&d=mm&r=g","caption":"Volcanogrup"},"url":"https:\/\/metre.emfasi.es\/ca\/author\/slunavolcanogrup-com\/"}]}},"_links":{"self":[{"href":"https:\/\/metre.emfasi.es\/ca\/wp-json\/wp\/v2\/posts\/31203"}],"collection":[{"href":"https:\/\/metre.emfasi.es\/ca\/wp-json\/wp\/v2\/posts"}],"about":[{"href":"https:\/\/metre.emfasi.es\/ca\/wp-json\/wp\/v2\/types\/post"}],"author":[{"embeddable":true,"href":"https:\/\/metre.emfasi.es\/ca\/wp-json\/wp\/v2\/users\/22"}],"replies":[{"embeddable":true,"href":"https:\/\/metre.emfasi.es\/ca\/wp-json\/wp\/v2\/comments?post=31203"}],"version-history":[{"count":0,"href":"https:\/\/metre.emfasi.es\/ca\/wp-json\/wp\/v2\/posts\/31203\/revisions"}],"wp:featuredmedia":[{"embeddable":true,"href":"https:\/\/metre.emfasi.es\/ca\/wp-json\/wp\/v2\/media\/30670"}],"wp:attachment":[{"href":"https:\/\/metre.emfasi.es\/ca\/wp-json\/wp\/v2\/media?parent=31203"}],"wp:term":[{"taxonomy":"category","embeddable":true,"href":"https:\/\/metre.emfasi.es\/ca\/wp-json\/wp\/v2\/categories?post=31203"},{"taxonomy":"post_tag","embeddable":true,"href":"https:\/\/metre.emfasi.es\/ca\/wp-json\/wp\/v2\/tags?post=31203"}],"curies":[{"name":"wp","href":"https:\/\/api.w.org\/{rel}","templated":true}]}}