{"id":4028,"date":"2019-04-26T07:33:12","date_gmt":"2019-04-26T07:33:12","guid":{"rendered":"http:\/\/metre.emfasi.es\/transporte-internacional-en-contenedor-de-madera-o-lift-van\/"},"modified":"2019-04-26T07:42:12","modified_gmt":"2019-04-26T07:42:12","slug":"transport-internacional-en-contenidor","status":"publish","type":"post","link":"https:\/\/metre.emfasi.es\/ca\/transport-internacional-en-contenidor\/","title":{"rendered":"Transport internacional en contenidor de fusta o lift-van"},"content":{"rendered":"<p>[et_pb_section bb_built=&#8221;1&#8243; inner_width=&#8221;auto&#8221; inner_max_width=&#8221;none&#8221;][et_pb_row][et_pb_column type=&#8221;4_4&#8243;][et_pb_text _builder_version=&#8221;3.22.4&#8243; text_text_shadow_horizontal_length=&#8221;text_text_shadow_style,%91object Object%93&#8243; text_text_shadow_vertical_length=&#8221;text_text_shadow_style,%91object Object%93&#8243; text_text_shadow_blur_strength=&#8221;text_text_shadow_style,%91object Object%93&#8243; link_text_shadow_horizontal_length=&#8221;link_text_shadow_style,%91object Object%93&#8243; link_text_shadow_vertical_length=&#8221;link_text_shadow_style,%91object Object%93&#8243; link_text_shadow_blur_strength=&#8221;link_text_shadow_style,%91object Object%93&#8243; ul_text_shadow_horizontal_length=&#8221;ul_text_shadow_style,%91object Object%93&#8243; ul_text_shadow_vertical_length=&#8221;ul_text_shadow_style,%91object Object%93&#8243; ul_text_shadow_blur_strength=&#8221;ul_text_shadow_style,%91object Object%93&#8243; ol_text_shadow_horizontal_length=&#8221;ol_text_shadow_style,%91object Object%93&#8243; ol_text_shadow_vertical_length=&#8221;ol_text_shadow_style,%91object Object%93&#8243; ol_text_shadow_blur_strength=&#8221;ol_text_shadow_style,%91object Object%93&#8243; quote_text_shadow_horizontal_length=&#8221;quote_text_shadow_style,%91object Object%93&#8243; quote_text_shadow_vertical_length=&#8221;quote_text_shadow_style,%91object Object%93&#8243; quote_text_shadow_blur_strength=&#8221;quote_text_shadow_style,%91object Object%93&#8243; header_text_shadow_horizontal_length=&#8221;header_text_shadow_style,%91object Object%93&#8243; header_text_shadow_vertical_length=&#8221;header_text_shadow_style,%91object Object%93&#8243; header_text_shadow_blur_strength=&#8221;header_text_shadow_style,%91object Object%93&#8243; header_2_text_shadow_horizontal_length=&#8221;header_2_text_shadow_style,%91object Object%93&#8243; header_2_text_shadow_vertical_length=&#8221;header_2_text_shadow_style,%91object Object%93&#8243; header_2_text_shadow_blur_strength=&#8221;header_2_text_shadow_style,%91object Object%93&#8243; header_3_text_shadow_horizontal_length=&#8221;header_3_text_shadow_style,%91object Object%93&#8243; header_3_text_shadow_vertical_length=&#8221;header_3_text_shadow_style,%91object Object%93&#8243; header_3_text_shadow_blur_strength=&#8221;header_3_text_shadow_style,%91object Object%93&#8243; header_4_text_shadow_horizontal_length=&#8221;header_4_text_shadow_style,%91object Object%93&#8243; header_4_text_shadow_vertical_length=&#8221;header_4_text_shadow_style,%91object Object%93&#8243; header_4_text_shadow_blur_strength=&#8221;header_4_text_shadow_style,%91object Object%93&#8243; header_5_text_shadow_horizontal_length=&#8221;header_5_text_shadow_style,%91object Object%93&#8243; header_5_text_shadow_vertical_length=&#8221;header_5_text_shadow_style,%91object Object%93&#8243; header_5_text_shadow_blur_strength=&#8221;header_5_text_shadow_style,%91object Object%93&#8243; header_6_text_shadow_horizontal_length=&#8221;header_6_text_shadow_style,%91object Object%93&#8243; header_6_text_shadow_vertical_length=&#8221;header_6_text_shadow_style,%91object Object%93&#8243; header_6_text_shadow_blur_strength=&#8221;header_6_text_shadow_style,%91object Object%93&#8243; z_index_tablet=&#8221;500&#8243;]<\/p>\n<p>Transport internacional en contenidor de fusta o<em> lift-van<\/em> per transport compartit.<\/p>\n<h2>Mudan\u00e7a economica i segura<\/h2>\n<p>Aquest servei anir\u00e0 a Irlanda i trigar\u00e0 15 dies en arribar al seu dest\u00ed on ho desempaquetarem i ho deixarem a la vivenda de la clienta.<\/p>\n<p>[\/et_pb_text][\/et_pb_column][\/et_pb_row][et_pb_row][et_pb_column type=&#8221;4_4&#8243;][et_pb_gallery _builder_version=&#8221;3.22.4&#8243; gallery_ids=&#8221;4009,4001,4005&#8243; posts_number=&#8221;3&#8243; show_pagination=&#8221;off&#8221; db_image_max_width_tablet=&#8221;51&#8243; db_image_max_height_tablet=&#8221;501&#8243; db_image_row_spacing_tablet=&#8221;51&#8243; db_image_object_fit=&#8221;initial&#8221; hover_overlay_color=&#8221;rgba(255,255,255,0.9)&#8221; text_shadow_horizontal_length=&#8221;text_shadow_style,%91object Object%93&#8243; text_shadow_vertical_length=&#8221;text_shadow_style,%91object Object%93&#8243; text_shadow_blur_strength=&#8221;text_shadow_style,%91object Object%93&#8243; db_image_center_titles=&#8221;left&#8221; title_text_shadow_horizontal_length=&#8221;title_text_shadow_style,%91object Object%93&#8243; title_text_shadow_vertical_length=&#8221;title_text_shadow_style,%91object Object%93&#8243; title_text_shadow_blur_strength=&#8221;title_text_shadow_style,%91object Object%93&#8243; caption_text_shadow_horizontal_length=&#8221;caption_text_shadow_style,%91object Object%93&#8243; caption_text_shadow_vertical_length=&#8221;caption_text_shadow_style,%91object Object%93&#8243; caption_text_shadow_blur_strength=&#8221;caption_text_shadow_style,%91object Object%93&#8243; pagination_text_shadow_horizontal_length=&#8221;pagination_text_shadow_style,%91object Object%93&#8243; pagination_text_shadow_vertical_length=&#8221;pagination_text_shadow_style,%91object Object%93&#8243; pagination_text_shadow_blur_strength=&#8221;pagination_text_shadow_style,%91object Object%93&#8243; z_index_tablet=&#8221;500&#8243; text_orientation=&#8221;center&#8221; title_text_align=&#8221;center&#8221; \/][\/et_pb_column][\/et_pb_row][et_pb_row][et_pb_column type=&#8221;4_4&#8243;][et_pb_gallery _builder_version=&#8221;3.22.4&#8243; gallery_ids=&#8221;4021,4013,4017&#8243; posts_number=&#8221;3&#8243; show_pagination=&#8221;off&#8221; db_image_max_width_tablet=&#8221;51&#8243; db_image_max_height_tablet=&#8221;501&#8243; db_image_row_spacing_tablet=&#8221;51&#8243; db_image_object_fit=&#8221;initial&#8221; hover_overlay_color=&#8221;rgba(255,255,255,0.9)&#8221; text_shadow_horizontal_length=&#8221;text_shadow_style,%91object Object%93&#8243; text_shadow_vertical_length=&#8221;text_shadow_style,%91object Object%93&#8243; text_shadow_blur_strength=&#8221;text_shadow_style,%91object Object%93&#8243; db_image_center_titles=&#8221;left&#8221; title_text_shadow_horizontal_length=&#8221;title_text_shadow_style,%91object Object%93&#8243; title_text_shadow_vertical_length=&#8221;title_text_shadow_style,%91object Object%93&#8243; title_text_shadow_blur_strength=&#8221;title_text_shadow_style,%91object Object%93&#8243; caption_text_shadow_horizontal_length=&#8221;caption_text_shadow_style,%91object Object%93&#8243; caption_text_shadow_vertical_length=&#8221;caption_text_shadow_style,%91object Object%93&#8243; caption_text_shadow_blur_strength=&#8221;caption_text_shadow_style,%91object Object%93&#8243; pagination_text_shadow_horizontal_length=&#8221;pagination_text_shadow_style,%91object Object%93&#8243; pagination_text_shadow_vertical_length=&#8221;pagination_text_shadow_style,%91object Object%93&#8243; pagination_text_shadow_blur_strength=&#8221;pagination_text_shadow_style,%91object Object%93&#8243; z_index_tablet=&#8221;500&#8243; text_orientation=&#8221;center&#8221; \/][\/et_pb_column][\/et_pb_row][\/et_pb_section]<\/p>\n","protected":false},"excerpt":{"rendered":"<p><div class=\"et_pb_row et_pb_row_0 et_pb_row_empty\">\r\n\t\t\t\t\r\n\t\t\t\t\r\n\t\t\t\t\r\n\t\t\t\t\r\n\t\t\t\t\r\n\t\t\t<\/div> Transport internacional en contenidor de fusta o lift-van per transport compartit. Mudan\u00e7a economica i segura Aquest servei anir\u00e0 a Irlanda i trigar\u00e0 15 dies en arribar al seu dest\u00ed on ho desempaquetarem i ho deixarem a la vivenda de la clienta. <div class=\"et_pb_row et_pb_row_1 et_pb_row_empty\">\r\n\t\t\t\t\r\n\t\t\t\t\r\n\t\t\t\t\r\n\t\t\t\t\r\n\t\t\t\t\r\n\t\t\t<\/div><div class=\"et_pb_row et_pb_row_2 et_pb_row_empty\">\r\n\t\t\t\t\r\n\t\t\t\t\r\n\t\t\t\t\r\n\t\t\t\t\r\n\t\t\t\t\r\n\t\t\t<\/div><\/p>\n","protected":false},"author":2,"featured_media":4013,"comment_status":"closed","ping_status":"closed","sticky":false,"template":"","format":"standard","meta":{"_et_pb_use_builder":"on","_et_pb_old_content":"","_et_gb_content_width":"","footnotes":""},"categories":[95],"tags":[96,97],"yoast_head":"<!-- This site is optimized with the Yoast SEO plugin v22.1 - https:\/\/yoast.com\/wordpress\/plugins\/seo\/ -->\n<title>Transport internacional en contenidor de fusta o lift-van - Metrecubic<\/title>\n<meta name=\"robots\" content=\"noindex, follow, max-snippet:-1, max-image-preview:large, max-video-preview:-1\" \/>\n<meta property=\"og:locale\" content=\"ca_ES\" \/>\n<meta property=\"og:type\" content=\"article\" \/>\n<meta property=\"og:title\" content=\"Transport internacional en contenidor de fusta o lift-van - Metrecubic\" \/>\n<meta property=\"og:description\" content=\"Transport internacional en contenidor de fusta o lift-van per transport compartit. Mudan\u00e7a economica i segura Aquest servei anir\u00e0 a Irlanda i trigar\u00e0 15 dies en arribar al seu dest\u00ed on ho desempaquetarem i ho deixarem a la vivenda de la clienta.\" \/>\n<meta property=\"og:url\" content=\"https:\/\/metre.emfasi.es\/ca\/transport-internacional-en-contenidor\/\" \/>\n<meta property=\"og:site_name\" content=\"Metrecubic\" \/>\n<meta property=\"article:published_time\" content=\"2019-04-26T07:33:12+00:00\" \/>\n<meta property=\"article:modified_time\" content=\"2019-04-26T07:42:12+00:00\" \/>\n<meta property=\"og:image\" content=\"https:\/\/metre.emfasi.es\/wp-content\/uploads\/2019\/04\/metrecubic-mudanza-internacional-5.jpg\" \/>\n\t<meta property=\"og:image:width\" content=\"479\" \/>\n\t<meta property=\"og:image:height\" content=\"642\" \/>\n\t<meta property=\"og:image:type\" content=\"image\/jpeg\" \/>\n<meta name=\"author\" content=\"Metrecubic\" \/>\n<meta name=\"twitter:card\" content=\"summary_large_image\" \/>\n<meta name=\"twitter:label1\" content=\"Escrit per\" \/>\n\t<meta name=\"twitter:data1\" content=\"Metrecubic\" \/>\n\t<meta name=\"twitter:label2\" content=\"Temps estimat de lectura\" \/>\n\t<meta name=\"twitter:data2\" content=\"4 minuts\" \/>\n<script type=\"application\/ld+json\" class=\"yoast-schema-graph\">{\"@context\":\"https:\/\/schema.org\",\"@graph\":[{\"@type\":\"Article\",\"@id\":\"https:\/\/metre.emfasi.es\/ca\/transport-internacional-en-contenidor\/#article\",\"isPartOf\":{\"@id\":\"https:\/\/metre.emfasi.es\/ca\/transport-internacional-en-contenidor\/\"},\"author\":{\"name\":\"Metrecubic\",\"@id\":\"https:\/\/metre.emfasi.es\/#\/schema\/person\/1d382b427f66568d4527f05b347b92d7\"},\"headline\":\"Transport internacional en contenidor de fusta o lift-van\",\"datePublished\":\"2019-04-26T07:33:12+00:00\",\"dateModified\":\"2019-04-26T07:42:12+00:00\",\"mainEntityOfPage\":{\"@id\":\"https:\/\/metre.emfasi.es\/ca\/transport-internacional-en-contenidor\/\"},\"wordCount\":827,\"publisher\":{\"@id\":\"https:\/\/metre.emfasi.es\/#organization\"},\"keywords\":[\"contenedor de madera\",\"lift-van\"],\"articleSection\":[\"Mudanzas y cajas de embalaje\"],\"inLanguage\":\"ca\"},{\"@type\":\"WebPage\",\"@id\":\"https:\/\/metre.emfasi.es\/ca\/transport-internacional-en-contenidor\/\",\"url\":\"https:\/\/metre.emfasi.es\/ca\/transport-internacional-en-contenidor\/\",\"name\":\"Transport internacional en contenidor de fusta o lift-van - Metrecubic\",\"isPartOf\":{\"@id\":\"https:\/\/metre.emfasi.es\/#website\"},\"datePublished\":\"2019-04-26T07:33:12+00:00\",\"dateModified\":\"2019-04-26T07:42:12+00:00\",\"breadcrumb\":{\"@id\":\"https:\/\/metre.emfasi.es\/ca\/transport-internacional-en-contenidor\/#breadcrumb\"},\"inLanguage\":\"ca\",\"potentialAction\":[{\"@type\":\"ReadAction\",\"target\":[\"https:\/\/metre.emfasi.es\/ca\/transport-internacional-en-contenidor\/\"]}]},{\"@type\":\"BreadcrumbList\",\"@id\":\"https:\/\/metre.emfasi.es\/ca\/transport-internacional-en-contenidor\/#breadcrumb\",\"itemListElement\":[{\"@type\":\"ListItem\",\"position\":1,\"name\":\"Portada\",\"item\":\"https:\/\/metre.emfasi.es\/ca\/\"},{\"@type\":\"ListItem\",\"position\":2,\"name\":\"Transport internacional en contenidor de fusta o lift-van\"}]},{\"@type\":\"WebSite\",\"@id\":\"https:\/\/metre.emfasi.es\/#website\",\"url\":\"https:\/\/metre.emfasi.es\/\",\"name\":\"Metrecubic\",\"description\":\"Alquiler de trasteros y minialmacenes privados.\",\"publisher\":{\"@id\":\"https:\/\/metre.emfasi.es\/#organization\"},\"potentialAction\":[{\"@type\":\"SearchAction\",\"target\":{\"@type\":\"EntryPoint\",\"urlTemplate\":\"https:\/\/metre.emfasi.es\/?s={search_term_string}\"},\"query-input\":\"required name=search_term_string\"}],\"inLanguage\":\"ca\"},{\"@type\":\"Organization\",\"@id\":\"https:\/\/metre.emfasi.es\/#organization\",\"name\":\"METRECUBIC trasteros y mudanzas\",\"url\":\"https:\/\/metre.emfasi.es\/\",\"logo\":{\"@type\":\"ImageObject\",\"inLanguage\":\"ca\",\"@id\":\"https:\/\/metre.emfasi.es\/#\/schema\/logo\/image\/\",\"url\":\"http:\/\/metre.emfasi.es\/wp-content\/uploads\/2017\/09\/logo-capsalera.gif\",\"contentUrl\":\"http:\/\/metre.emfasi.es\/wp-content\/uploads\/2017\/09\/logo-capsalera.gif\",\"width\":118,\"height\":117,\"caption\":\"METRECUBIC trasteros y mudanzas\"},\"image\":{\"@id\":\"https:\/\/metre.emfasi.es\/#\/schema\/logo\/image\/\"}},{\"@type\":\"Person\",\"@id\":\"https:\/\/metre.emfasi.es\/#\/schema\/person\/1d382b427f66568d4527f05b347b92d7\",\"name\":\"Metrecubic\",\"image\":{\"@type\":\"ImageObject\",\"inLanguage\":\"ca\",\"@id\":\"https:\/\/metre.emfasi.es\/#\/schema\/person\/image\/\",\"url\":\"https:\/\/secure.gravatar.com\/avatar\/8eec984a94ae98b44170e3a53c9f8ef5?s=96&d=mm&r=g\",\"contentUrl\":\"https:\/\/secure.gravatar.com\/avatar\/8eec984a94ae98b44170e3a53c9f8ef5?s=96&d=mm&r=g\",\"caption\":\"Metrecubic\"},\"url\":\"https:\/\/metre.emfasi.es\/ca\/author\/empiezapori\/\"}]}<\/script>\n<!-- \/ Yoast SEO plugin. -->","yoast_head_json":{"title":"Transport internacional en contenidor de fusta o lift-van - Metrecubic","robots":{"index":"noindex","follow":"follow","max-snippet":"max-snippet:-1","max-image-preview":"max-image-preview:large","max-video-preview":"max-video-preview:-1"},"og_locale":"ca_ES","og_type":"article","og_title":"Transport internacional en contenidor de fusta o lift-van - Metrecubic","og_description":"Transport internacional en contenidor de fusta o lift-van per transport compartit. Mudan\u00e7a economica i segura Aquest servei anir\u00e0 a Irlanda i trigar\u00e0 15 dies en arribar al seu dest\u00ed on ho desempaquetarem i ho deixarem a la vivenda de la clienta.","og_url":"https:\/\/metre.emfasi.es\/ca\/transport-internacional-en-contenidor\/","og_site_name":"Metrecubic","article_published_time":"2019-04-26T07:33:12+00:00","article_modified_time":"2019-04-26T07:42:12+00:00","og_image":[{"width":479,"height":642,"url":"https:\/\/metre.emfasi.es\/wp-content\/uploads\/2019\/04\/metrecubic-mudanza-internacional-5.jpg","type":"image\/jpeg"}],"author":"Metrecubic","twitter_card":"summary_large_image","twitter_misc":{"Escrit per":"Metrecubic","Temps estimat de lectura":"4 minuts"},"schema":{"@context":"https:\/\/schema.org","@graph":[{"@type":"Article","@id":"https:\/\/metre.emfasi.es\/ca\/transport-internacional-en-contenidor\/#article","isPartOf":{"@id":"https:\/\/metre.emfasi.es\/ca\/transport-internacional-en-contenidor\/"},"author":{"name":"Metrecubic","@id":"https:\/\/metre.emfasi.es\/#\/schema\/person\/1d382b427f66568d4527f05b347b92d7"},"headline":"Transport internacional en contenidor de fusta o lift-van","datePublished":"2019-04-26T07:33:12+00:00","dateModified":"2019-04-26T07:42:12+00:00","mainEntityOfPage":{"@id":"https:\/\/metre.emfasi.es\/ca\/transport-internacional-en-contenidor\/"},"wordCount":827,"publisher":{"@id":"https:\/\/metre.emfasi.es\/#organization"},"keywords":["contenedor de madera","lift-van"],"articleSection":["Mudanzas y cajas de embalaje"],"inLanguage":"ca"},{"@type":"WebPage","@id":"https:\/\/metre.emfasi.es\/ca\/transport-internacional-en-contenidor\/","url":"https:\/\/metre.emfasi.es\/ca\/transport-internacional-en-contenidor\/","name":"Transport internacional en contenidor de fusta o lift-van - Metrecubic","isPartOf":{"@id":"https:\/\/metre.emfasi.es\/#website"},"datePublished":"2019-04-26T07:33:12+00:00","dateModified":"2019-04-26T07:42:12+00:00","breadcrumb":{"@id":"https:\/\/metre.emfasi.es\/ca\/transport-internacional-en-contenidor\/#breadcrumb"},"inLanguage":"ca","potentialAction":[{"@type":"ReadAction","target":["https:\/\/metre.emfasi.es\/ca\/transport-internacional-en-contenidor\/"]}]},{"@type":"BreadcrumbList","@id":"https:\/\/metre.emfasi.es\/ca\/transport-internacional-en-contenidor\/#breadcrumb","itemListElement":[{"@type":"ListItem","position":1,"name":"Portada","item":"https:\/\/metre.emfasi.es\/ca\/"},{"@type":"ListItem","position":2,"name":"Transport internacional en contenidor de fusta o lift-van"}]},{"@type":"WebSite","@id":"https:\/\/metre.emfasi.es\/#website","url":"https:\/\/metre.emfasi.es\/","name":"Metrecubic","description":"Alquiler de trasteros y minialmacenes privados.","publisher":{"@id":"https:\/\/metre.emfasi.es\/#organization"},"potentialAction":[{"@type":"SearchAction","target":{"@type":"EntryPoint","urlTemplate":"https:\/\/metre.emfasi.es\/?s={search_term_string}"},"query-input":"required name=search_term_string"}],"inLanguage":"ca"},{"@type":"Organization","@id":"https:\/\/metre.emfasi.es\/#organization","name":"METRECUBIC trasteros y mudanzas","url":"https:\/\/metre.emfasi.es\/","logo":{"@type":"ImageObject","inLanguage":"ca","@id":"https:\/\/metre.emfasi.es\/#\/schema\/logo\/image\/","url":"http:\/\/metre.emfasi.es\/wp-content\/uploads\/2017\/09\/logo-capsalera.gif","contentUrl":"http:\/\/metre.emfasi.es\/wp-content\/uploads\/2017\/09\/logo-capsalera.gif","width":118,"height":117,"caption":"METRECUBIC trasteros y mudanzas"},"image":{"@id":"https:\/\/metre.emfasi.es\/#\/schema\/logo\/image\/"}},{"@type":"Person","@id":"https:\/\/metre.emfasi.es\/#\/schema\/person\/1d382b427f66568d4527f05b347b92d7","name":"Metrecubic","image":{"@type":"ImageObject","inLanguage":"ca","@id":"https:\/\/metre.emfasi.es\/#\/schema\/person\/image\/","url":"https:\/\/secure.gravatar.com\/avatar\/8eec984a94ae98b44170e3a53c9f8ef5?s=96&d=mm&r=g","contentUrl":"https:\/\/secure.gravatar.com\/avatar\/8eec984a94ae98b44170e3a53c9f8ef5?s=96&d=mm&r=g","caption":"Metrecubic"},"url":"https:\/\/metre.emfasi.es\/ca\/author\/empiezapori\/"}]}},"_links":{"self":[{"href":"https:\/\/metre.emfasi.es\/ca\/wp-json\/wp\/v2\/posts\/4028"}],"collection":[{"href":"https:\/\/metre.emfasi.es\/ca\/wp-json\/wp\/v2\/posts"}],"about":[{"href":"https:\/\/metre.emfasi.es\/ca\/wp-json\/wp\/v2\/types\/post"}],"author":[{"embeddable":true,"href":"https:\/\/metre.emfasi.es\/ca\/wp-json\/wp\/v2\/users\/2"}],"replies":[{"embeddable":true,"href":"https:\/\/metre.emfasi.es\/ca\/wp-json\/wp\/v2\/comments?post=4028"}],"version-history":[{"count":0,"href":"https:\/\/metre.emfasi.es\/ca\/wp-json\/wp\/v2\/posts\/4028\/revisions"}],"wp:featuredmedia":[{"embeddable":true,"href":"https:\/\/metre.emfasi.es\/ca\/wp-json\/wp\/v2\/media\/4013"}],"wp:attachment":[{"href":"https:\/\/metre.emfasi.es\/ca\/wp-json\/wp\/v2\/media?parent=4028"}],"wp:term":[{"taxonomy":"category","embeddable":true,"href":"https:\/\/metre.emfasi.es\/ca\/wp-json\/wp\/v2\/categories?post=4028"},{"taxonomy":"post_tag","embeddable":true,"href":"https:\/\/metre.emfasi.es\/ca\/wp-json\/wp\/v2\/tags?post=4028"}],"curies":[{"name":"wp","href":"https:\/\/api.w.org\/{rel}","templated":true}]}}