{"id":4074,"date":"2019-04-29T09:19:40","date_gmt":"2019-04-29T09:19:40","guid":{"rendered":"http:\/\/metre.emfasi.es\/nuevo-camion-para-mudanzas\/"},"modified":"2019-04-29T09:22:42","modified_gmt":"2019-04-29T09:22:42","slug":"nou-camio-per-mudances","status":"publish","type":"post","link":"https:\/\/metre.emfasi.es\/ca\/nou-camio-per-mudances\/","title":{"rendered":"Nou cami\u00f3 per Mudances"},"content":{"rendered":"<p>Metrecubic amplia la seva flota de vehicles amb un nou cami\u00f3 amb una capacitat per transportar 30 m3 i 4.500 kg de c\u00e0rrega.<\/p>\n<p>Caracter\u00edstiques principals:<\/p>\n<p>Vehicle marca ISUZU amb emissions CO2 baixes per la categoria de vehicle que est\u00e0.<\/p>\n<p>Dotat de plataforma elevadora per carregar fins a 1.200 kg<\/p>\n<p>Caixa de 30 m3: Herm\u00e8tiques i d\u2019alta seguretat. Son contenidors que un cop plens es poden descarregar per emmagatzemar mitjan\u00e7ant una carret\u00f3 elevador en un lloc espec\u00edfic per aquesta funci\u00f3.<\/p>\n<p>Les grans avantatges que ofereix es que si les pertinences que s\u2019han col\u00b7locat dins el contenidor son per guardar un temps, no cal treure les de dins ja que la caixa es pot baixar del cami\u00f3 ple i ubicar en un espai espec\u00edfic per guardar. Despr\u00e9s es carrega una altra caixa buida i a seguir!!!.<\/p>\n<p>Pel client aquest fet provoca una reducci\u00f3 en el preu de la mudan\u00e7a ja que s\u2019estalvia el temps d\u2019una desc\u00e0rrega i col\u00b7locaci\u00f3 dins un traster. La caixa del cami\u00f3 es converteix en el traster privat per les coses del client.<\/p>\n<p>A principis de Maig ja podrem disposar del vehicle i veure\u2019l circular tant per Sabadell com per Girona.<\/p>\n<p><img loading=\"lazy\" decoding=\"async\" class=\"alignnone size-medium wp-image-4064\" src=\"http:\/\/metre.emfasi.es\/wp-content\/uploads\/2019\/04\/metrecubic-mudanzas-girona-2-300x248.jpg\" alt=\"\" width=\"300\" height=\"248\" srcset=\"https:\/\/metre.emfasi.es\/wp-content\/uploads\/2019\/04\/metrecubic-mudanzas-girona-2-300x248.jpg 300w, https:\/\/metre.emfasi.es\/wp-content\/uploads\/2019\/04\/metrecubic-mudanzas-girona-2-768x634.jpg 768w, https:\/\/metre.emfasi.es\/wp-content\/uploads\/2019\/04\/metrecubic-mudanzas-girona-2-510x421.jpg 510w, https:\/\/metre.emfasi.es\/wp-content\/uploads\/2019\/04\/metrecubic-mudanzas-girona-2.jpg 900w\" sizes=\"(max-width: 300px) 100vw, 300px\" \/> <img loading=\"lazy\" decoding=\"async\" class=\"alignnone size-medium wp-image-4068\" src=\"http:\/\/metre.emfasi.es\/wp-content\/uploads\/2019\/04\/metrecubic-mudanzas-girona-1-300x278.jpg\" alt=\"\" width=\"300\" height=\"278\" srcset=\"https:\/\/metre.emfasi.es\/wp-content\/uploads\/2019\/04\/metrecubic-mudanzas-girona-1-300x278.jpg 300w, https:\/\/metre.emfasi.es\/wp-content\/uploads\/2019\/04\/metrecubic-mudanzas-girona-1-768x711.jpg 768w, https:\/\/metre.emfasi.es\/wp-content\/uploads\/2019\/04\/metrecubic-mudanzas-girona-1-510x472.jpg 510w, https:\/\/metre.emfasi.es\/wp-content\/uploads\/2019\/04\/metrecubic-mudanzas-girona-1.jpg 900w\" sizes=\"(max-width: 300px) 100vw, 300px\" \/><\/p>\n","protected":false},"excerpt":{"rendered":"<p>Metrecubic amplia la seva flota de vehicles amb un nou cami\u00f3 amb una capacitat per transportar 30 m3 i 4.500 kg de c\u00e0rrega. Caracter\u00edstiques principals: Vehicle marca ISUZU amb emissions CO2 baixes per la categoria de vehicle que est\u00e0. Dotat de plataforma elevadora per carregar fins a 1.200 kg Caixa de 30 m3: Herm\u00e8tiques i [&hellip;]<\/p>\n","protected":false},"author":2,"featured_media":4061,"comment_status":"closed","ping_status":"closed","sticky":false,"template":"","format":"standard","meta":{"_et_pb_use_builder":"","_et_pb_old_content":"","_et_gb_content_width":"","footnotes":""},"categories":[100],"tags":[102],"yoast_head":"<!-- This site is optimized with the Yoast SEO plugin v22.1 - https:\/\/yoast.com\/wordpress\/plugins\/seo\/ -->\n<title>Nou cami\u00f3 per Mudances - Metrecubic<\/title>\n<meta name=\"description\" content=\"Para el cliente este hecho provoca una reducci\u00f3n en el precio de la mudanza ya que se ahorra el tiempo de una descarga y colocaci\u00f3n en un trastero.\" \/>\n<meta name=\"robots\" content=\"noindex, follow, max-snippet:-1, max-image-preview:large, max-video-preview:-1\" \/>\n<meta property=\"og:locale\" content=\"ca_ES\" \/>\n<meta property=\"og:type\" content=\"article\" \/>\n<meta property=\"og:title\" content=\"Nou cami\u00f3 per Mudances - Metrecubic\" \/>\n<meta property=\"og:description\" content=\"Para el cliente este hecho provoca una reducci\u00f3n en el precio de la mudanza ya que se ahorra el tiempo de una descarga y colocaci\u00f3n en un trastero.\" \/>\n<meta property=\"og:url\" content=\"https:\/\/metre.emfasi.es\/ca\/nou-camio-per-mudances\/\" \/>\n<meta property=\"og:site_name\" content=\"Metrecubic\" \/>\n<meta property=\"article:published_time\" content=\"2019-04-29T09:19:40+00:00\" \/>\n<meta property=\"article:modified_time\" content=\"2019-04-29T09:22:42+00:00\" \/>\n<meta property=\"og:image\" content=\"https:\/\/metre.emfasi.es\/wp-content\/uploads\/2019\/04\/metrecubic-mudanzas-girona-3.jpg\" \/>\n\t<meta property=\"og:image:width\" content=\"900\" \/>\n\t<meta property=\"og:image:height\" content=\"1200\" \/>\n\t<meta property=\"og:image:type\" content=\"image\/jpeg\" \/>\n<meta name=\"author\" content=\"Metrecubic\" \/>\n<meta name=\"twitter:card\" content=\"summary_large_image\" \/>\n<meta name=\"twitter:label1\" content=\"Escrit per\" \/>\n\t<meta name=\"twitter:data1\" content=\"Metrecubic\" \/>\n\t<meta name=\"twitter:label2\" content=\"Temps estimat de lectura\" \/>\n\t<meta name=\"twitter:data2\" content=\"1 minut\" \/>\n<script type=\"application\/ld+json\" class=\"yoast-schema-graph\">{\"@context\":\"https:\/\/schema.org\",\"@graph\":[{\"@type\":\"Article\",\"@id\":\"https:\/\/metre.emfasi.es\/ca\/nou-camio-per-mudances\/#article\",\"isPartOf\":{\"@id\":\"https:\/\/metre.emfasi.es\/ca\/nou-camio-per-mudances\/\"},\"author\":{\"name\":\"Metrecubic\",\"@id\":\"https:\/\/metre.emfasi.es\/#\/schema\/person\/1d382b427f66568d4527f05b347b92d7\"},\"headline\":\"Nou cami\u00f3 per Mudances\",\"datePublished\":\"2019-04-29T09:19:40+00:00\",\"dateModified\":\"2019-04-29T09:22:42+00:00\",\"mainEntityOfPage\":{\"@id\":\"https:\/\/metre.emfasi.es\/ca\/nou-camio-per-mudances\/\"},\"wordCount\":208,\"publisher\":{\"@id\":\"https:\/\/metre.emfasi.es\/#organization\"},\"keywords\":[\"mudances\"],\"articleSection\":[\"Mudanzas\"],\"inLanguage\":\"ca\"},{\"@type\":\"WebPage\",\"@id\":\"https:\/\/metre.emfasi.es\/ca\/nou-camio-per-mudances\/\",\"url\":\"https:\/\/metre.emfasi.es\/ca\/nou-camio-per-mudances\/\",\"name\":\"Nou cami\u00f3 per Mudances - Metrecubic\",\"isPartOf\":{\"@id\":\"https:\/\/metre.emfasi.es\/#website\"},\"datePublished\":\"2019-04-29T09:19:40+00:00\",\"dateModified\":\"2019-04-29T09:22:42+00:00\",\"description\":\"Para el cliente este hecho provoca una reducci\u00f3n en el precio de la mudanza ya que se ahorra el tiempo de una descarga y colocaci\u00f3n en un trastero.\",\"breadcrumb\":{\"@id\":\"https:\/\/metre.emfasi.es\/ca\/nou-camio-per-mudances\/#breadcrumb\"},\"inLanguage\":\"ca\",\"potentialAction\":[{\"@type\":\"ReadAction\",\"target\":[\"https:\/\/metre.emfasi.es\/ca\/nou-camio-per-mudances\/\"]}]},{\"@type\":\"BreadcrumbList\",\"@id\":\"https:\/\/metre.emfasi.es\/ca\/nou-camio-per-mudances\/#breadcrumb\",\"itemListElement\":[{\"@type\":\"ListItem\",\"position\":1,\"name\":\"Portada\",\"item\":\"https:\/\/metre.emfasi.es\/ca\/\"},{\"@type\":\"ListItem\",\"position\":2,\"name\":\"Nou cami\u00f3 per Mudances\"}]},{\"@type\":\"WebSite\",\"@id\":\"https:\/\/metre.emfasi.es\/#website\",\"url\":\"https:\/\/metre.emfasi.es\/\",\"name\":\"Metrecubic\",\"description\":\"Alquiler de trasteros y minialmacenes privados.\",\"publisher\":{\"@id\":\"https:\/\/metre.emfasi.es\/#organization\"},\"potentialAction\":[{\"@type\":\"SearchAction\",\"target\":{\"@type\":\"EntryPoint\",\"urlTemplate\":\"https:\/\/metre.emfasi.es\/?s={search_term_string}\"},\"query-input\":\"required name=search_term_string\"}],\"inLanguage\":\"ca\"},{\"@type\":\"Organization\",\"@id\":\"https:\/\/metre.emfasi.es\/#organization\",\"name\":\"METRECUBIC trasteros y mudanzas\",\"url\":\"https:\/\/metre.emfasi.es\/\",\"logo\":{\"@type\":\"ImageObject\",\"inLanguage\":\"ca\",\"@id\":\"https:\/\/metre.emfasi.es\/#\/schema\/logo\/image\/\",\"url\":\"http:\/\/metre.emfasi.es\/wp-content\/uploads\/2017\/09\/logo-capsalera.gif\",\"contentUrl\":\"http:\/\/metre.emfasi.es\/wp-content\/uploads\/2017\/09\/logo-capsalera.gif\",\"width\":118,\"height\":117,\"caption\":\"METRECUBIC trasteros y mudanzas\"},\"image\":{\"@id\":\"https:\/\/metre.emfasi.es\/#\/schema\/logo\/image\/\"}},{\"@type\":\"Person\",\"@id\":\"https:\/\/metre.emfasi.es\/#\/schema\/person\/1d382b427f66568d4527f05b347b92d7\",\"name\":\"Metrecubic\",\"image\":{\"@type\":\"ImageObject\",\"inLanguage\":\"ca\",\"@id\":\"https:\/\/metre.emfasi.es\/#\/schema\/person\/image\/\",\"url\":\"https:\/\/secure.gravatar.com\/avatar\/8eec984a94ae98b44170e3a53c9f8ef5?s=96&d=mm&r=g\",\"contentUrl\":\"https:\/\/secure.gravatar.com\/avatar\/8eec984a94ae98b44170e3a53c9f8ef5?s=96&d=mm&r=g\",\"caption\":\"Metrecubic\"},\"url\":\"https:\/\/metre.emfasi.es\/ca\/author\/empiezapori\/\"}]}<\/script>\n<!-- \/ Yoast SEO plugin. -->","yoast_head_json":{"title":"Nou cami\u00f3 per Mudances - Metrecubic","description":"Para el cliente este hecho provoca una reducci\u00f3n en el precio de la mudanza ya que se ahorra el tiempo de una descarga y colocaci\u00f3n en un trastero.","robots":{"index":"noindex","follow":"follow","max-snippet":"max-snippet:-1","max-image-preview":"max-image-preview:large","max-video-preview":"max-video-preview:-1"},"og_locale":"ca_ES","og_type":"article","og_title":"Nou cami\u00f3 per Mudances - Metrecubic","og_description":"Para el cliente este hecho provoca una reducci\u00f3n en el precio de la mudanza ya que se ahorra el tiempo de una descarga y colocaci\u00f3n en un trastero.","og_url":"https:\/\/metre.emfasi.es\/ca\/nou-camio-per-mudances\/","og_site_name":"Metrecubic","article_published_time":"2019-04-29T09:19:40+00:00","article_modified_time":"2019-04-29T09:22:42+00:00","og_image":[{"width":900,"height":1200,"url":"https:\/\/metre.emfasi.es\/wp-content\/uploads\/2019\/04\/metrecubic-mudanzas-girona-3.jpg","type":"image\/jpeg"}],"author":"Metrecubic","twitter_card":"summary_large_image","twitter_misc":{"Escrit per":"Metrecubic","Temps estimat de lectura":"1 minut"},"schema":{"@context":"https:\/\/schema.org","@graph":[{"@type":"Article","@id":"https:\/\/metre.emfasi.es\/ca\/nou-camio-per-mudances\/#article","isPartOf":{"@id":"https:\/\/metre.emfasi.es\/ca\/nou-camio-per-mudances\/"},"author":{"name":"Metrecubic","@id":"https:\/\/metre.emfasi.es\/#\/schema\/person\/1d382b427f66568d4527f05b347b92d7"},"headline":"Nou cami\u00f3 per Mudances","datePublished":"2019-04-29T09:19:40+00:00","dateModified":"2019-04-29T09:22:42+00:00","mainEntityOfPage":{"@id":"https:\/\/metre.emfasi.es\/ca\/nou-camio-per-mudances\/"},"wordCount":208,"publisher":{"@id":"https:\/\/metre.emfasi.es\/#organization"},"keywords":["mudances"],"articleSection":["Mudanzas"],"inLanguage":"ca"},{"@type":"WebPage","@id":"https:\/\/metre.emfasi.es\/ca\/nou-camio-per-mudances\/","url":"https:\/\/metre.emfasi.es\/ca\/nou-camio-per-mudances\/","name":"Nou cami\u00f3 per Mudances - Metrecubic","isPartOf":{"@id":"https:\/\/metre.emfasi.es\/#website"},"datePublished":"2019-04-29T09:19:40+00:00","dateModified":"2019-04-29T09:22:42+00:00","description":"Para el cliente este hecho provoca una reducci\u00f3n en el precio de la mudanza ya que se ahorra el tiempo de una descarga y colocaci\u00f3n en un trastero.","breadcrumb":{"@id":"https:\/\/metre.emfasi.es\/ca\/nou-camio-per-mudances\/#breadcrumb"},"inLanguage":"ca","potentialAction":[{"@type":"ReadAction","target":["https:\/\/metre.emfasi.es\/ca\/nou-camio-per-mudances\/"]}]},{"@type":"BreadcrumbList","@id":"https:\/\/metre.emfasi.es\/ca\/nou-camio-per-mudances\/#breadcrumb","itemListElement":[{"@type":"ListItem","position":1,"name":"Portada","item":"https:\/\/metre.emfasi.es\/ca\/"},{"@type":"ListItem","position":2,"name":"Nou cami\u00f3 per Mudances"}]},{"@type":"WebSite","@id":"https:\/\/metre.emfasi.es\/#website","url":"https:\/\/metre.emfasi.es\/","name":"Metrecubic","description":"Alquiler de trasteros y minialmacenes privados.","publisher":{"@id":"https:\/\/metre.emfasi.es\/#organization"},"potentialAction":[{"@type":"SearchAction","target":{"@type":"EntryPoint","urlTemplate":"https:\/\/metre.emfasi.es\/?s={search_term_string}"},"query-input":"required name=search_term_string"}],"inLanguage":"ca"},{"@type":"Organization","@id":"https:\/\/metre.emfasi.es\/#organization","name":"METRECUBIC trasteros y mudanzas","url":"https:\/\/metre.emfasi.es\/","logo":{"@type":"ImageObject","inLanguage":"ca","@id":"https:\/\/metre.emfasi.es\/#\/schema\/logo\/image\/","url":"http:\/\/metre.emfasi.es\/wp-content\/uploads\/2017\/09\/logo-capsalera.gif","contentUrl":"http:\/\/metre.emfasi.es\/wp-content\/uploads\/2017\/09\/logo-capsalera.gif","width":118,"height":117,"caption":"METRECUBIC trasteros y mudanzas"},"image":{"@id":"https:\/\/metre.emfasi.es\/#\/schema\/logo\/image\/"}},{"@type":"Person","@id":"https:\/\/metre.emfasi.es\/#\/schema\/person\/1d382b427f66568d4527f05b347b92d7","name":"Metrecubic","image":{"@type":"ImageObject","inLanguage":"ca","@id":"https:\/\/metre.emfasi.es\/#\/schema\/person\/image\/","url":"https:\/\/secure.gravatar.com\/avatar\/8eec984a94ae98b44170e3a53c9f8ef5?s=96&d=mm&r=g","contentUrl":"https:\/\/secure.gravatar.com\/avatar\/8eec984a94ae98b44170e3a53c9f8ef5?s=96&d=mm&r=g","caption":"Metrecubic"},"url":"https:\/\/metre.emfasi.es\/ca\/author\/empiezapori\/"}]}},"_links":{"self":[{"href":"https:\/\/metre.emfasi.es\/ca\/wp-json\/wp\/v2\/posts\/4074"}],"collection":[{"href":"https:\/\/metre.emfasi.es\/ca\/wp-json\/wp\/v2\/posts"}],"about":[{"href":"https:\/\/metre.emfasi.es\/ca\/wp-json\/wp\/v2\/types\/post"}],"author":[{"embeddable":true,"href":"https:\/\/metre.emfasi.es\/ca\/wp-json\/wp\/v2\/users\/2"}],"replies":[{"embeddable":true,"href":"https:\/\/metre.emfasi.es\/ca\/wp-json\/wp\/v2\/comments?post=4074"}],"version-history":[{"count":0,"href":"https:\/\/metre.emfasi.es\/ca\/wp-json\/wp\/v2\/posts\/4074\/revisions"}],"wp:featuredmedia":[{"embeddable":true,"href":"https:\/\/metre.emfasi.es\/ca\/wp-json\/wp\/v2\/media\/4061"}],"wp:attachment":[{"href":"https:\/\/metre.emfasi.es\/ca\/wp-json\/wp\/v2\/media?parent=4074"}],"wp:term":[{"taxonomy":"category","embeddable":true,"href":"https:\/\/metre.emfasi.es\/ca\/wp-json\/wp\/v2\/categories?post=4074"},{"taxonomy":"post_tag","embeddable":true,"href":"https:\/\/metre.emfasi.es\/ca\/wp-json\/wp\/v2\/tags?post=4074"}],"curies":[{"name":"wp","href":"https:\/\/api.w.org\/{rel}","templated":true}]}}