{"id":5958,"date":"2019-09-11T08:59:51","date_gmt":"2019-09-11T08:59:51","guid":{"rendered":"http:\/\/metre.emfasi.es\/?p=5958"},"modified":"2019-09-11T09:13:12","modified_gmt":"2019-09-11T09:13:12","slug":"festival-temporada-alta-2019","status":"publish","type":"post","link":"https:\/\/metre.emfasi.es\/ca\/festival-temporada-alta-2019\/","title":{"rendered":"Festival Temporada Alta 2019"},"content":{"rendered":"<p><a href=\"https:\/\/temporada-alta.com\/\" target=\"_blank\" rel=\"noopener noreferrer\"><img loading=\"lazy\" decoding=\"async\" class=\"alignright size-full wp-image-5960\" src=\"http:\/\/metre.emfasi.es\/wp-content\/uploads\/2019\/09\/metrecubic-girona-temporada-alta.jpg\" alt=\"\" width=\"362\" height=\"512\" srcset=\"https:\/\/metre.emfasi.es\/wp-content\/uploads\/2019\/09\/metrecubic-girona-temporada-alta.jpg 362w, https:\/\/metre.emfasi.es\/wp-content\/uploads\/2019\/09\/metrecubic-girona-temporada-alta-212x300.jpg 212w\" sizes=\"(max-width: 362px) 100vw, 362px\" \/><\/a>L&#8217;empresa de trasters i mudances\u00a0 <strong>Metrecubic<\/strong>, amb seu a Girona, es converteix en nou patrocinador del <em><strong>Festival Temporada Alta 2019<\/strong><\/em>. D\u2019aquesta forma l&#8217;empresa <strong>Metrecubic<\/strong> donar\u00e0 suport a la cultura a trav\u00e9s del Festival. <strong>Metrecubic<\/strong> va iniciar ara fa 12 anys la seva activitat de lloguer de trasters i mudances a la Ciutat de Girona.<\/p>\n<p>El Club de mecenatge \u00e9s un pilar del <em><strong>Festival Temporada Alta<\/strong><\/em> que permet enfortir els vincles de les empreses amb el territori gr\u00e0cies a un esdeveniment de primer nivell que dinamitza l&#8217;economia i enforteix el teixit cultural.<\/p>\n<p>La 28a edici\u00f3 de <em><strong>Temporada Alta<\/strong> <\/em>presenta una programaci\u00f3 extensa que engloba g\u00e8neres, disciplines i p\u00fablics diferents, sempre amb la voluntat d\u2019exhibir la millor creaci\u00f3 europea, promoure el talent local i mantenir-se com un festival de refer\u00e8ncia en l\u2019\u00e0mbit nacional, estatal i europeu.<\/p>\n","protected":false},"excerpt":{"rendered":"<p>L&#8217;empresa de trasters i mudances\u00a0 Metrecubic, amb seu a Girona, es converteix en nou patrocinador del Festival Temporada Alta 2019. D\u2019aquesta forma l&#8217;empresa Metrecubic donar\u00e0 suport a la cultura a trav\u00e9s del Festival. Metrecubic va iniciar ara fa 12 anys la seva activitat de lloguer de trasters i mudances a la Ciutat de Girona. El [&hellip;]<\/p>\n","protected":false},"author":2,"featured_media":5960,"comment_status":"closed","ping_status":"closed","sticky":false,"template":"","format":"standard","meta":{"_et_pb_use_builder":"","_et_pb_old_content":"","_et_gb_content_width":"","footnotes":""},"categories":[34],"tags":[106],"yoast_head":"<!-- This site is optimized with the Yoast SEO plugin v22.1 - https:\/\/yoast.com\/wordpress\/plugins\/seo\/ -->\n<title>Festival Temporada Alta 2019 - Metrecubic<\/title>\n<meta name=\"robots\" content=\"noindex, follow, max-snippet:-1, max-image-preview:large, max-video-preview:-1\" \/>\n<meta property=\"og:locale\" content=\"ca_ES\" \/>\n<meta property=\"og:type\" content=\"article\" \/>\n<meta property=\"og:title\" content=\"Festival Temporada Alta 2019 - Metrecubic\" \/>\n<meta property=\"og:description\" content=\"L&#8217;empresa de trasters i mudances\u00a0 Metrecubic, amb seu a Girona, es converteix en nou patrocinador del Festival Temporada Alta 2019. D\u2019aquesta forma l&#8217;empresa Metrecubic donar\u00e0 suport a la cultura a trav\u00e9s del Festival. Metrecubic va iniciar ara fa 12 anys la seva activitat de lloguer de trasters i mudances a la Ciutat de Girona. El [&hellip;]\" \/>\n<meta property=\"og:url\" content=\"https:\/\/metre.emfasi.es\/ca\/festival-temporada-alta-2019\/\" \/>\n<meta property=\"og:site_name\" content=\"Metrecubic\" \/>\n<meta property=\"article:published_time\" content=\"2019-09-11T08:59:51+00:00\" \/>\n<meta property=\"article:modified_time\" content=\"2019-09-11T09:13:12+00:00\" \/>\n<meta property=\"og:image\" content=\"https:\/\/metre.emfasi.es\/wp-content\/uploads\/2019\/09\/metrecubic-girona-temporada-alta.jpg\" \/>\n\t<meta property=\"og:image:width\" content=\"362\" \/>\n\t<meta property=\"og:image:height\" content=\"512\" \/>\n\t<meta property=\"og:image:type\" content=\"image\/jpeg\" \/>\n<meta name=\"author\" content=\"Metrecubic\" \/>\n<meta name=\"twitter:card\" content=\"summary_large_image\" \/>\n<meta name=\"twitter:label1\" content=\"Escrit per\" \/>\n\t<meta name=\"twitter:data1\" content=\"Metrecubic\" \/>\n\t<meta name=\"twitter:label2\" content=\"Temps estimat de lectura\" \/>\n\t<meta name=\"twitter:data2\" content=\"1 minut\" \/>\n<script type=\"application\/ld+json\" class=\"yoast-schema-graph\">{\"@context\":\"https:\/\/schema.org\",\"@graph\":[{\"@type\":\"Article\",\"@id\":\"https:\/\/metre.emfasi.es\/ca\/festival-temporada-alta-2019\/#article\",\"isPartOf\":{\"@id\":\"https:\/\/metre.emfasi.es\/ca\/festival-temporada-alta-2019\/\"},\"author\":{\"name\":\"Metrecubic\",\"@id\":\"https:\/\/metre.emfasi.es\/#\/schema\/person\/1d382b427f66568d4527f05b347b92d7\"},\"headline\":\"Festival Temporada Alta 2019\",\"datePublished\":\"2019-09-11T08:59:51+00:00\",\"dateModified\":\"2019-09-11T09:13:12+00:00\",\"mainEntityOfPage\":{\"@id\":\"https:\/\/metre.emfasi.es\/ca\/festival-temporada-alta-2019\/\"},\"wordCount\":146,\"publisher\":{\"@id\":\"https:\/\/metre.emfasi.es\/#organization\"},\"keywords\":[\"festival temporada alta\"],\"articleSection\":[\"Actualitat\"],\"inLanguage\":\"ca\"},{\"@type\":\"WebPage\",\"@id\":\"https:\/\/metre.emfasi.es\/ca\/festival-temporada-alta-2019\/\",\"url\":\"https:\/\/metre.emfasi.es\/ca\/festival-temporada-alta-2019\/\",\"name\":\"Festival Temporada Alta 2019 - Metrecubic\",\"isPartOf\":{\"@id\":\"https:\/\/metre.emfasi.es\/#website\"},\"datePublished\":\"2019-09-11T08:59:51+00:00\",\"dateModified\":\"2019-09-11T09:13:12+00:00\",\"breadcrumb\":{\"@id\":\"https:\/\/metre.emfasi.es\/ca\/festival-temporada-alta-2019\/#breadcrumb\"},\"inLanguage\":\"ca\",\"potentialAction\":[{\"@type\":\"ReadAction\",\"target\":[\"https:\/\/metre.emfasi.es\/ca\/festival-temporada-alta-2019\/\"]}]},{\"@type\":\"BreadcrumbList\",\"@id\":\"https:\/\/metre.emfasi.es\/ca\/festival-temporada-alta-2019\/#breadcrumb\",\"itemListElement\":[{\"@type\":\"ListItem\",\"position\":1,\"name\":\"Portada\",\"item\":\"https:\/\/metre.emfasi.es\/ca\/\"},{\"@type\":\"ListItem\",\"position\":2,\"name\":\"Festival Temporada Alta 2019\"}]},{\"@type\":\"WebSite\",\"@id\":\"https:\/\/metre.emfasi.es\/#website\",\"url\":\"https:\/\/metre.emfasi.es\/\",\"name\":\"Metrecubic\",\"description\":\"Alquiler de trasteros y minialmacenes privados.\",\"publisher\":{\"@id\":\"https:\/\/metre.emfasi.es\/#organization\"},\"potentialAction\":[{\"@type\":\"SearchAction\",\"target\":{\"@type\":\"EntryPoint\",\"urlTemplate\":\"https:\/\/metre.emfasi.es\/?s={search_term_string}\"},\"query-input\":\"required name=search_term_string\"}],\"inLanguage\":\"ca\"},{\"@type\":\"Organization\",\"@id\":\"https:\/\/metre.emfasi.es\/#organization\",\"name\":\"METRECUBIC trasteros y mudanzas\",\"url\":\"https:\/\/metre.emfasi.es\/\",\"logo\":{\"@type\":\"ImageObject\",\"inLanguage\":\"ca\",\"@id\":\"https:\/\/metre.emfasi.es\/#\/schema\/logo\/image\/\",\"url\":\"http:\/\/metre.emfasi.es\/wp-content\/uploads\/2017\/09\/logo-capsalera.gif\",\"contentUrl\":\"http:\/\/metre.emfasi.es\/wp-content\/uploads\/2017\/09\/logo-capsalera.gif\",\"width\":118,\"height\":117,\"caption\":\"METRECUBIC trasteros y mudanzas\"},\"image\":{\"@id\":\"https:\/\/metre.emfasi.es\/#\/schema\/logo\/image\/\"}},{\"@type\":\"Person\",\"@id\":\"https:\/\/metre.emfasi.es\/#\/schema\/person\/1d382b427f66568d4527f05b347b92d7\",\"name\":\"Metrecubic\",\"image\":{\"@type\":\"ImageObject\",\"inLanguage\":\"ca\",\"@id\":\"https:\/\/metre.emfasi.es\/#\/schema\/person\/image\/\",\"url\":\"https:\/\/secure.gravatar.com\/avatar\/8eec984a94ae98b44170e3a53c9f8ef5?s=96&d=mm&r=g\",\"contentUrl\":\"https:\/\/secure.gravatar.com\/avatar\/8eec984a94ae98b44170e3a53c9f8ef5?s=96&d=mm&r=g\",\"caption\":\"Metrecubic\"},\"url\":\"https:\/\/metre.emfasi.es\/ca\/author\/empiezapori\/\"}]}<\/script>\n<!-- \/ Yoast SEO plugin. -->","yoast_head_json":{"title":"Festival Temporada Alta 2019 - Metrecubic","robots":{"index":"noindex","follow":"follow","max-snippet":"max-snippet:-1","max-image-preview":"max-image-preview:large","max-video-preview":"max-video-preview:-1"},"og_locale":"ca_ES","og_type":"article","og_title":"Festival Temporada Alta 2019 - Metrecubic","og_description":"L&#8217;empresa de trasters i mudances\u00a0 Metrecubic, amb seu a Girona, es converteix en nou patrocinador del Festival Temporada Alta 2019. D\u2019aquesta forma l&#8217;empresa Metrecubic donar\u00e0 suport a la cultura a trav\u00e9s del Festival. Metrecubic va iniciar ara fa 12 anys la seva activitat de lloguer de trasters i mudances a la Ciutat de Girona. El [&hellip;]","og_url":"https:\/\/metre.emfasi.es\/ca\/festival-temporada-alta-2019\/","og_site_name":"Metrecubic","article_published_time":"2019-09-11T08:59:51+00:00","article_modified_time":"2019-09-11T09:13:12+00:00","og_image":[{"width":362,"height":512,"url":"https:\/\/metre.emfasi.es\/wp-content\/uploads\/2019\/09\/metrecubic-girona-temporada-alta.jpg","type":"image\/jpeg"}],"author":"Metrecubic","twitter_card":"summary_large_image","twitter_misc":{"Escrit per":"Metrecubic","Temps estimat de lectura":"1 minut"},"schema":{"@context":"https:\/\/schema.org","@graph":[{"@type":"Article","@id":"https:\/\/metre.emfasi.es\/ca\/festival-temporada-alta-2019\/#article","isPartOf":{"@id":"https:\/\/metre.emfasi.es\/ca\/festival-temporada-alta-2019\/"},"author":{"name":"Metrecubic","@id":"https:\/\/metre.emfasi.es\/#\/schema\/person\/1d382b427f66568d4527f05b347b92d7"},"headline":"Festival Temporada Alta 2019","datePublished":"2019-09-11T08:59:51+00:00","dateModified":"2019-09-11T09:13:12+00:00","mainEntityOfPage":{"@id":"https:\/\/metre.emfasi.es\/ca\/festival-temporada-alta-2019\/"},"wordCount":146,"publisher":{"@id":"https:\/\/metre.emfasi.es\/#organization"},"keywords":["festival temporada alta"],"articleSection":["Actualitat"],"inLanguage":"ca"},{"@type":"WebPage","@id":"https:\/\/metre.emfasi.es\/ca\/festival-temporada-alta-2019\/","url":"https:\/\/metre.emfasi.es\/ca\/festival-temporada-alta-2019\/","name":"Festival Temporada Alta 2019 - Metrecubic","isPartOf":{"@id":"https:\/\/metre.emfasi.es\/#website"},"datePublished":"2019-09-11T08:59:51+00:00","dateModified":"2019-09-11T09:13:12+00:00","breadcrumb":{"@id":"https:\/\/metre.emfasi.es\/ca\/festival-temporada-alta-2019\/#breadcrumb"},"inLanguage":"ca","potentialAction":[{"@type":"ReadAction","target":["https:\/\/metre.emfasi.es\/ca\/festival-temporada-alta-2019\/"]}]},{"@type":"BreadcrumbList","@id":"https:\/\/metre.emfasi.es\/ca\/festival-temporada-alta-2019\/#breadcrumb","itemListElement":[{"@type":"ListItem","position":1,"name":"Portada","item":"https:\/\/metre.emfasi.es\/ca\/"},{"@type":"ListItem","position":2,"name":"Festival Temporada Alta 2019"}]},{"@type":"WebSite","@id":"https:\/\/metre.emfasi.es\/#website","url":"https:\/\/metre.emfasi.es\/","name":"Metrecubic","description":"Alquiler de trasteros y minialmacenes privados.","publisher":{"@id":"https:\/\/metre.emfasi.es\/#organization"},"potentialAction":[{"@type":"SearchAction","target":{"@type":"EntryPoint","urlTemplate":"https:\/\/metre.emfasi.es\/?s={search_term_string}"},"query-input":"required name=search_term_string"}],"inLanguage":"ca"},{"@type":"Organization","@id":"https:\/\/metre.emfasi.es\/#organization","name":"METRECUBIC trasteros y mudanzas","url":"https:\/\/metre.emfasi.es\/","logo":{"@type":"ImageObject","inLanguage":"ca","@id":"https:\/\/metre.emfasi.es\/#\/schema\/logo\/image\/","url":"http:\/\/metre.emfasi.es\/wp-content\/uploads\/2017\/09\/logo-capsalera.gif","contentUrl":"http:\/\/metre.emfasi.es\/wp-content\/uploads\/2017\/09\/logo-capsalera.gif","width":118,"height":117,"caption":"METRECUBIC trasteros y mudanzas"},"image":{"@id":"https:\/\/metre.emfasi.es\/#\/schema\/logo\/image\/"}},{"@type":"Person","@id":"https:\/\/metre.emfasi.es\/#\/schema\/person\/1d382b427f66568d4527f05b347b92d7","name":"Metrecubic","image":{"@type":"ImageObject","inLanguage":"ca","@id":"https:\/\/metre.emfasi.es\/#\/schema\/person\/image\/","url":"https:\/\/secure.gravatar.com\/avatar\/8eec984a94ae98b44170e3a53c9f8ef5?s=96&d=mm&r=g","contentUrl":"https:\/\/secure.gravatar.com\/avatar\/8eec984a94ae98b44170e3a53c9f8ef5?s=96&d=mm&r=g","caption":"Metrecubic"},"url":"https:\/\/metre.emfasi.es\/ca\/author\/empiezapori\/"}]}},"_links":{"self":[{"href":"https:\/\/metre.emfasi.es\/ca\/wp-json\/wp\/v2\/posts\/5958"}],"collection":[{"href":"https:\/\/metre.emfasi.es\/ca\/wp-json\/wp\/v2\/posts"}],"about":[{"href":"https:\/\/metre.emfasi.es\/ca\/wp-json\/wp\/v2\/types\/post"}],"author":[{"embeddable":true,"href":"https:\/\/metre.emfasi.es\/ca\/wp-json\/wp\/v2\/users\/2"}],"replies":[{"embeddable":true,"href":"https:\/\/metre.emfasi.es\/ca\/wp-json\/wp\/v2\/comments?post=5958"}],"version-history":[{"count":0,"href":"https:\/\/metre.emfasi.es\/ca\/wp-json\/wp\/v2\/posts\/5958\/revisions"}],"wp:featuredmedia":[{"embeddable":true,"href":"https:\/\/metre.emfasi.es\/ca\/wp-json\/wp\/v2\/media\/5960"}],"wp:attachment":[{"href":"https:\/\/metre.emfasi.es\/ca\/wp-json\/wp\/v2\/media?parent=5958"}],"wp:term":[{"taxonomy":"category","embeddable":true,"href":"https:\/\/metre.emfasi.es\/ca\/wp-json\/wp\/v2\/categories?post=5958"},{"taxonomy":"post_tag","embeddable":true,"href":"https:\/\/metre.emfasi.es\/ca\/wp-json\/wp\/v2\/tags?post=5958"}],"curies":[{"name":"wp","href":"https:\/\/api.w.org\/{rel}","templated":true}]}}