{"id":29365,"date":"2023-11-07T17:07:01","date_gmt":"2023-11-07T16:07:01","guid":{"rendered":"http:\/\/metre.emfasi.es\/?p=29365"},"modified":"2023-11-07T17:09:44","modified_gmt":"2023-11-07T16:09:44","slug":"le-triathlon-de-sgrail-100","status":"publish","type":"post","link":"https:\/\/metre.emfasi.es\/fr\/le-triathlon-de-sgrail-100\/","title":{"rendered":"Le Triathlon de SGRAIL 100"},"content":{"rendered":"<p>Ce week-end, <a href=\"http:\/\/metre.emfasi.es\/fr\/\">Metrecubic<\/a> a particip\u00e9 <a href=\"https:\/\/sgrail100.com\/\" target=\"_blank\" rel=\"noopener\">au Triathlon de SGRAIL 100<\/a>, une grande comp\u00e9tition internationale. La comp\u00e9tition avait pour d\u00e9part Cadaqu\u00e9s et pour arriv\u00e9e G\u00e9rone. Nous avons ainsi transport\u00e9 plus de 300\u00a0v\u00e9los gr\u00e2ce \u00e0 nos camions.<\/p>\n<p>Les participants, originaires de toute l\u2019Europe, \u00e9taient tous de nationalit\u00e9s diff\u00e9rentes.<\/p>\n<h2><strong>Connaissiez-vous le Triathlon SGRAIL 100\u00a0?<\/strong><\/h2>\n<p>Si vous ne connaissiez pas le Triathlon SGRAIL 100, il faut savoir qu&rsquo;il s\u2019agit d\u2019un \u00e9v\u00e8nement sportif qui comprend trois \u00e9tapes\u00a0:<\/p>\n<ul>\n<li>1,5\u00a0km de natation<\/li>\n<li>88\u00a0km de cyclisme (v\u00e9lo gravel)<\/li>\n<li>10,5\u00a0km de trail.<\/li>\n<\/ul>\n<p>Pendant l\u2019\u00e9v\u00e8nement, les participants doivent transporter les v\u00e9los de G\u00e9rone jusqu\u2019\u00e0 Cadaqu\u00e9s de fa\u00e7on s\u00fbre. C\u2019est pourquoi <a href=\"https:\/\/www.klassmark.com\/en\/\" target=\"_blank\" rel=\"noopener\">Klassmark<\/a> fait appel \u00e0 nos services chaque ann\u00e9e pour transporter, dans des conditions optimales, les plus de 300\u00a0v\u00e9los des concurrents.<\/p>\n<p>Les participants ont \u00e9galement la possibilit\u00e9 de transporter leurs v\u00e9los par leurs propres moyens. Ce n\u2019est cependant pas la solution la plus recommand\u00e9e en raison de la forte affluence \u00e0 Cadaqu\u00e9s et du manque de places de stationnement.<\/p>\n<h3><strong>Le Triathlon SGRAIL 100 d\u00e9bute<\/strong><\/h3>\n<p>Une fois l\u2019\u00e9v\u00e8nement lanc\u00e9, la premi\u00e8re \u00e9tape commence et, apr\u00e8s 1,5\u00a0km de nage, vous devez monter \u00e0 v\u00e9lo pour parcourir une distance de 88\u00a0km. C\u2019est la raison pour laquelle le v\u00e9hicule reste \u00e0 Cadaqu\u00e9s, ce qui ne pose pas de probl\u00e8me si vous \u00eates accompagn\u00e9, mais dans le cas contraire, votre v\u00e9lo reste sur place jusqu\u2019\u00e0 ce que vous alliez le r\u00e9cup\u00e9rer, ce qui n\u2019est pas tr\u00e8s pratique.<\/p>\n<p>De plus, Klassmark inclut d\u00e9j\u00e0 le transport du v\u00e9lo dans le prix de l\u2019inscription, il serait donc idiot de ne pas en profiter.<\/p>\n<h3><strong>Savez-vous comment ils sont transport\u00e9s\u00a0?<\/strong><\/h3>\n<p>En premier lieu, les v\u00e9los sont tri\u00e9s en fonction des num\u00e9ros de dossards afin de les ranger dans l\u2019ordre et d\u2019avoir le contr\u00f4le sur les num\u00e9ros de dossards. Ils peuvent donc \u00eatre d\u00e9charg\u00e9s dans le m\u00eame ordre et \u00eatre replac\u00e9s \u00e0 leur place exacte.<\/p>\n<p>En raison de la fragilit\u00e9 des v\u00e9los, il est n\u00e9cessaire de les transporter avec un mat\u00e9riau souple et non rigide, puisque nous devons \u00eatre en mesure de les ranger c\u00f4te \u00e0 c\u00f4te afin de maximiser la capacit\u00e9 de la fourgonnette, ou du camion, et ainsi accueillir le plus grand nombre possible de v\u00e9los. C\u2019est pourquoi ils sont prot\u00e9g\u00e9s \u00e0 l\u2019aide de cartons et de couvertures afin d\u2019\u00e9viter qu&rsquo;ils ne se touchent. Ils arrivent ainsi \u00e0 destination en parfait \u00e9tat.<\/p>\n<h3><strong>Quelle est la capacit\u00e9 de chaque v\u00e9hicule\u00a0?<\/strong><\/h3>\n<p>La capacit\u00e9 d\u00e9pend en partie du v\u00e9hicule lui-m\u00eame, mais pour donner une id\u00e9e, une fourgonnette de 14\u00a0m<sup>3<\/sup> peut accueillir environ 27\u00a0v\u00e9los et un camion de 40\u00a0m<sup>3<\/sup> environ 90.<\/p>\n<h2><strong>Avec Metrecubic, vous pouvez organiser diff\u00e9rents types de transports<\/strong><\/h2>\n<p>Vous pouvez compter sur Metrecubic, aussi bien au niveau national et\/ou international, que pour les transports priv\u00e9s ou d\u2019entreprise, ou encore pour un \u00e9v\u00e8nement sportif tel que le Triathlon SGRAIL 100.<\/p>\n<p>Si vous avez des questions ou si vous souhaitez obtenir plus d\u2019informations, n\u2019h\u00e9sitez pas \u00e0 <a href=\"http:\/\/metre.emfasi.es\/fr\/contact\/\">nous contacter<\/a>.<\/p>\n","protected":false},"excerpt":{"rendered":"<p>Ce week-end, Metrecubic a particip\u00e9 au Triathlon de SGRAIL 100, une grande comp\u00e9tition internationale. La comp\u00e9tition avait pour d\u00e9part Cadaqu\u00e9s et pour arriv\u00e9e G\u00e9rone. Nous avons ainsi transport\u00e9 plus de 300\u00a0v\u00e9los gr\u00e2ce \u00e0 nos camions. Les participants, originaires de toute l\u2019Europe, \u00e9taient tous de nationalit\u00e9s diff\u00e9rentes. Connaissiez-vous le Triathlon SGRAIL 100\u00a0? Si vous ne connaissiez [&hellip;]<\/p>\n","protected":false},"author":22,"featured_media":29330,"comment_status":"open","ping_status":"open","sticky":false,"template":"","format":"standard","meta":{"_et_pb_use_builder":"","_et_pb_old_content":"","_et_gb_content_width":"","footnotes":""},"categories":[78],"tags":[],"yoast_head":"<!-- This site is optimized with the Yoast SEO plugin v22.1 - https:\/\/yoast.com\/wordpress\/plugins\/seo\/ -->\n<title>Le Triathlon de SGRAIL 100 - Metrecubic<\/title>\n<meta name=\"description\" content=\"Ce week-end, Metrecubic a particip\u00e9 au Triathlon de SGRAIL 100, une grande comp\u00e9tition internationale. La comp\u00e9tition arriv\u00e9e G\u00e9rone.\" \/>\n<meta name=\"robots\" content=\"noindex, follow, max-snippet:-1, max-image-preview:large, max-video-preview:-1\" \/>\n<meta property=\"og:locale\" content=\"fr_FR\" \/>\n<meta property=\"og:type\" content=\"article\" \/>\n<meta property=\"og:title\" content=\"Le Triathlon de SGRAIL 100 - Metrecubic\" \/>\n<meta property=\"og:description\" content=\"Ce week-end, Metrecubic a particip\u00e9 au Triathlon de SGRAIL 100, une grande comp\u00e9tition internationale. La comp\u00e9tition arriv\u00e9e G\u00e9rone.\" \/>\n<meta property=\"og:url\" content=\"https:\/\/metre.emfasi.es\/fr\/le-triathlon-de-sgrail-100\/\" \/>\n<meta property=\"og:site_name\" content=\"Metrecubic\" \/>\n<meta property=\"article:published_time\" content=\"2023-11-07T16:07:01+00:00\" \/>\n<meta property=\"article:modified_time\" content=\"2023-11-07T16:09:44+00:00\" \/>\n<meta property=\"og:image\" content=\"https:\/\/metre.emfasi.es\/wp-content\/uploads\/2023\/10\/la-triatlon-de-sgrail-100-scaled.webp\" \/>\n\t<meta property=\"og:image:width\" content=\"2560\" \/>\n\t<meta property=\"og:image:height\" content=\"1472\" \/>\n\t<meta property=\"og:image:type\" content=\"image\/webp\" \/>\n<meta name=\"author\" content=\"Volcanogrup\" \/>\n<meta name=\"twitter:card\" content=\"summary_large_image\" \/>\n<meta name=\"twitter:label1\" content=\"\u00c9crit par\" \/>\n\t<meta name=\"twitter:data1\" content=\"Volcanogrup\" \/>\n\t<meta name=\"twitter:label2\" content=\"Dur\u00e9e de lecture estim\u00e9e\" \/>\n\t<meta name=\"twitter:data2\" content=\"3 minutes\" \/>\n<script type=\"application\/ld+json\" class=\"yoast-schema-graph\">{\"@context\":\"https:\/\/schema.org\",\"@graph\":[{\"@type\":\"Article\",\"@id\":\"https:\/\/metre.emfasi.es\/fr\/le-triathlon-de-sgrail-100\/#article\",\"isPartOf\":{\"@id\":\"https:\/\/metre.emfasi.es\/fr\/le-triathlon-de-sgrail-100\/\"},\"author\":{\"name\":\"Volcanogrup\",\"@id\":\"https:\/\/metre.emfasi.es\/#\/schema\/person\/a7a16105391b9c536cd0ecc6d219495b\"},\"headline\":\"Le Triathlon de SGRAIL 100\",\"datePublished\":\"2023-11-07T16:07:01+00:00\",\"dateModified\":\"2023-11-07T16:09:44+00:00\",\"mainEntityOfPage\":{\"@id\":\"https:\/\/metre.emfasi.es\/fr\/le-triathlon-de-sgrail-100\/\"},\"wordCount\":548,\"commentCount\":0,\"publisher\":{\"@id\":\"https:\/\/metre.emfasi.es\/#organization\"},\"articleSection\":[\"Non classifi\u00e9(e)\"],\"inLanguage\":\"fr-FR\",\"potentialAction\":[{\"@type\":\"CommentAction\",\"name\":\"Comment\",\"target\":[\"https:\/\/metre.emfasi.es\/fr\/le-triathlon-de-sgrail-100\/#respond\"]}]},{\"@type\":\"WebPage\",\"@id\":\"https:\/\/metre.emfasi.es\/fr\/le-triathlon-de-sgrail-100\/\",\"url\":\"https:\/\/metre.emfasi.es\/fr\/le-triathlon-de-sgrail-100\/\",\"name\":\"Le Triathlon de SGRAIL 100 - Metrecubic\",\"isPartOf\":{\"@id\":\"https:\/\/metre.emfasi.es\/#website\"},\"datePublished\":\"2023-11-07T16:07:01+00:00\",\"dateModified\":\"2023-11-07T16:09:44+00:00\",\"description\":\"Ce week-end, Metrecubic a particip\u00e9 au Triathlon de SGRAIL 100, une grande comp\u00e9tition internationale. La comp\u00e9tition arriv\u00e9e G\u00e9rone.\",\"breadcrumb\":{\"@id\":\"https:\/\/metre.emfasi.es\/fr\/le-triathlon-de-sgrail-100\/#breadcrumb\"},\"inLanguage\":\"fr-FR\",\"potentialAction\":[{\"@type\":\"ReadAction\",\"target\":[\"https:\/\/metre.emfasi.es\/fr\/le-triathlon-de-sgrail-100\/\"]}]},{\"@type\":\"BreadcrumbList\",\"@id\":\"https:\/\/metre.emfasi.es\/fr\/le-triathlon-de-sgrail-100\/#breadcrumb\",\"itemListElement\":[{\"@type\":\"ListItem\",\"position\":1,\"name\":\"Portada\",\"item\":\"https:\/\/metre.emfasi.es\/fr\/\"},{\"@type\":\"ListItem\",\"position\":2,\"name\":\"Le Triathlon de SGRAIL 100\"}]},{\"@type\":\"WebSite\",\"@id\":\"https:\/\/metre.emfasi.es\/#website\",\"url\":\"https:\/\/metre.emfasi.es\/\",\"name\":\"Metrecubic\",\"description\":\"Alquiler de trasteros y minialmacenes privados.\",\"publisher\":{\"@id\":\"https:\/\/metre.emfasi.es\/#organization\"},\"potentialAction\":[{\"@type\":\"SearchAction\",\"target\":{\"@type\":\"EntryPoint\",\"urlTemplate\":\"https:\/\/metre.emfasi.es\/?s={search_term_string}\"},\"query-input\":\"required name=search_term_string\"}],\"inLanguage\":\"fr-FR\"},{\"@type\":\"Organization\",\"@id\":\"https:\/\/metre.emfasi.es\/#organization\",\"name\":\"METRECUBIC trasteros y mudanzas\",\"url\":\"https:\/\/metre.emfasi.es\/\",\"logo\":{\"@type\":\"ImageObject\",\"inLanguage\":\"fr-FR\",\"@id\":\"https:\/\/metre.emfasi.es\/#\/schema\/logo\/image\/\",\"url\":\"http:\/\/metre.emfasi.es\/wp-content\/uploads\/2017\/09\/logo-capsalera.gif\",\"contentUrl\":\"http:\/\/metre.emfasi.es\/wp-content\/uploads\/2017\/09\/logo-capsalera.gif\",\"width\":118,\"height\":117,\"caption\":\"METRECUBIC trasteros y mudanzas\"},\"image\":{\"@id\":\"https:\/\/metre.emfasi.es\/#\/schema\/logo\/image\/\"}},{\"@type\":\"Person\",\"@id\":\"https:\/\/metre.emfasi.es\/#\/schema\/person\/a7a16105391b9c536cd0ecc6d219495b\",\"name\":\"Volcanogrup\",\"image\":{\"@type\":\"ImageObject\",\"inLanguage\":\"fr-FR\",\"@id\":\"https:\/\/metre.emfasi.es\/#\/schema\/person\/image\/\",\"url\":\"https:\/\/secure.gravatar.com\/avatar\/768916a29ebccf4c5b56f790e3397419?s=96&d=mm&r=g\",\"contentUrl\":\"https:\/\/secure.gravatar.com\/avatar\/768916a29ebccf4c5b56f790e3397419?s=96&d=mm&r=g\",\"caption\":\"Volcanogrup\"},\"url\":\"https:\/\/metre.emfasi.es\/fr\/author\/slunavolcanogrup-com\/\"}]}<\/script>\n<!-- \/ Yoast SEO plugin. -->","yoast_head_json":{"title":"Le Triathlon de SGRAIL 100 - Metrecubic","description":"Ce week-end, Metrecubic a particip\u00e9 au Triathlon de SGRAIL 100, une grande comp\u00e9tition internationale. La comp\u00e9tition arriv\u00e9e G\u00e9rone.","robots":{"index":"noindex","follow":"follow","max-snippet":"max-snippet:-1","max-image-preview":"max-image-preview:large","max-video-preview":"max-video-preview:-1"},"og_locale":"fr_FR","og_type":"article","og_title":"Le Triathlon de SGRAIL 100 - Metrecubic","og_description":"Ce week-end, Metrecubic a particip\u00e9 au Triathlon de SGRAIL 100, une grande comp\u00e9tition internationale. La comp\u00e9tition arriv\u00e9e G\u00e9rone.","og_url":"https:\/\/metre.emfasi.es\/fr\/le-triathlon-de-sgrail-100\/","og_site_name":"Metrecubic","article_published_time":"2023-11-07T16:07:01+00:00","article_modified_time":"2023-11-07T16:09:44+00:00","og_image":[{"width":2560,"height":1472,"url":"https:\/\/metre.emfasi.es\/wp-content\/uploads\/2023\/10\/la-triatlon-de-sgrail-100-scaled.webp","type":"image\/webp"}],"author":"Volcanogrup","twitter_card":"summary_large_image","twitter_misc":{"\u00c9crit par":"Volcanogrup","Dur\u00e9e de lecture estim\u00e9e":"3 minutes"},"schema":{"@context":"https:\/\/schema.org","@graph":[{"@type":"Article","@id":"https:\/\/metre.emfasi.es\/fr\/le-triathlon-de-sgrail-100\/#article","isPartOf":{"@id":"https:\/\/metre.emfasi.es\/fr\/le-triathlon-de-sgrail-100\/"},"author":{"name":"Volcanogrup","@id":"https:\/\/metre.emfasi.es\/#\/schema\/person\/a7a16105391b9c536cd0ecc6d219495b"},"headline":"Le Triathlon de SGRAIL 100","datePublished":"2023-11-07T16:07:01+00:00","dateModified":"2023-11-07T16:09:44+00:00","mainEntityOfPage":{"@id":"https:\/\/metre.emfasi.es\/fr\/le-triathlon-de-sgrail-100\/"},"wordCount":548,"commentCount":0,"publisher":{"@id":"https:\/\/metre.emfasi.es\/#organization"},"articleSection":["Non classifi\u00e9(e)"],"inLanguage":"fr-FR","potentialAction":[{"@type":"CommentAction","name":"Comment","target":["https:\/\/metre.emfasi.es\/fr\/le-triathlon-de-sgrail-100\/#respond"]}]},{"@type":"WebPage","@id":"https:\/\/metre.emfasi.es\/fr\/le-triathlon-de-sgrail-100\/","url":"https:\/\/metre.emfasi.es\/fr\/le-triathlon-de-sgrail-100\/","name":"Le Triathlon de SGRAIL 100 - Metrecubic","isPartOf":{"@id":"https:\/\/metre.emfasi.es\/#website"},"datePublished":"2023-11-07T16:07:01+00:00","dateModified":"2023-11-07T16:09:44+00:00","description":"Ce week-end, Metrecubic a particip\u00e9 au Triathlon de SGRAIL 100, une grande comp\u00e9tition internationale. La comp\u00e9tition arriv\u00e9e G\u00e9rone.","breadcrumb":{"@id":"https:\/\/metre.emfasi.es\/fr\/le-triathlon-de-sgrail-100\/#breadcrumb"},"inLanguage":"fr-FR","potentialAction":[{"@type":"ReadAction","target":["https:\/\/metre.emfasi.es\/fr\/le-triathlon-de-sgrail-100\/"]}]},{"@type":"BreadcrumbList","@id":"https:\/\/metre.emfasi.es\/fr\/le-triathlon-de-sgrail-100\/#breadcrumb","itemListElement":[{"@type":"ListItem","position":1,"name":"Portada","item":"https:\/\/metre.emfasi.es\/fr\/"},{"@type":"ListItem","position":2,"name":"Le Triathlon de SGRAIL 100"}]},{"@type":"WebSite","@id":"https:\/\/metre.emfasi.es\/#website","url":"https:\/\/metre.emfasi.es\/","name":"Metrecubic","description":"Alquiler de trasteros y minialmacenes privados.","publisher":{"@id":"https:\/\/metre.emfasi.es\/#organization"},"potentialAction":[{"@type":"SearchAction","target":{"@type":"EntryPoint","urlTemplate":"https:\/\/metre.emfasi.es\/?s={search_term_string}"},"query-input":"required name=search_term_string"}],"inLanguage":"fr-FR"},{"@type":"Organization","@id":"https:\/\/metre.emfasi.es\/#organization","name":"METRECUBIC trasteros y mudanzas","url":"https:\/\/metre.emfasi.es\/","logo":{"@type":"ImageObject","inLanguage":"fr-FR","@id":"https:\/\/metre.emfasi.es\/#\/schema\/logo\/image\/","url":"http:\/\/metre.emfasi.es\/wp-content\/uploads\/2017\/09\/logo-capsalera.gif","contentUrl":"http:\/\/metre.emfasi.es\/wp-content\/uploads\/2017\/09\/logo-capsalera.gif","width":118,"height":117,"caption":"METRECUBIC trasteros y mudanzas"},"image":{"@id":"https:\/\/metre.emfasi.es\/#\/schema\/logo\/image\/"}},{"@type":"Person","@id":"https:\/\/metre.emfasi.es\/#\/schema\/person\/a7a16105391b9c536cd0ecc6d219495b","name":"Volcanogrup","image":{"@type":"ImageObject","inLanguage":"fr-FR","@id":"https:\/\/metre.emfasi.es\/#\/schema\/person\/image\/","url":"https:\/\/secure.gravatar.com\/avatar\/768916a29ebccf4c5b56f790e3397419?s=96&d=mm&r=g","contentUrl":"https:\/\/secure.gravatar.com\/avatar\/768916a29ebccf4c5b56f790e3397419?s=96&d=mm&r=g","caption":"Volcanogrup"},"url":"https:\/\/metre.emfasi.es\/fr\/author\/slunavolcanogrup-com\/"}]}},"_links":{"self":[{"href":"https:\/\/metre.emfasi.es\/fr\/wp-json\/wp\/v2\/posts\/29365"}],"collection":[{"href":"https:\/\/metre.emfasi.es\/fr\/wp-json\/wp\/v2\/posts"}],"about":[{"href":"https:\/\/metre.emfasi.es\/fr\/wp-json\/wp\/v2\/types\/post"}],"author":[{"embeddable":true,"href":"https:\/\/metre.emfasi.es\/fr\/wp-json\/wp\/v2\/users\/22"}],"replies":[{"embeddable":true,"href":"https:\/\/metre.emfasi.es\/fr\/wp-json\/wp\/v2\/comments?post=29365"}],"version-history":[{"count":0,"href":"https:\/\/metre.emfasi.es\/fr\/wp-json\/wp\/v2\/posts\/29365\/revisions"}],"wp:featuredmedia":[{"embeddable":true,"href":"https:\/\/metre.emfasi.es\/fr\/wp-json\/wp\/v2\/media\/29330"}],"wp:attachment":[{"href":"https:\/\/metre.emfasi.es\/fr\/wp-json\/wp\/v2\/media?parent=29365"}],"wp:term":[{"taxonomy":"category","embeddable":true,"href":"https:\/\/metre.emfasi.es\/fr\/wp-json\/wp\/v2\/categories?post=29365"},{"taxonomy":"post_tag","embeddable":true,"href":"https:\/\/metre.emfasi.es\/fr\/wp-json\/wp\/v2\/tags?post=29365"}],"curies":[{"name":"wp","href":"https:\/\/api.w.org\/{rel}","templated":true}]}}