{"id":30689,"date":"2023-12-20T11:50:19","date_gmt":"2023-12-20T10:50:19","guid":{"rendered":"http:\/\/metre.emfasi.es\/?p=30689"},"modified":"2024-01-31T16:13:43","modified_gmt":"2024-01-31T15:13:43","slug":"pourquoi-faire-appel-a-des-demenageurs-professionnels","status":"publish","type":"post","link":"https:\/\/metre.emfasi.es\/fr\/pourquoi-faire-appel-a-des-demenageurs-professionnels\/","title":{"rendered":"Pourquoi faire appel \u00e0 des d\u00e9m\u00e9nageurs professionnels?"},"content":{"rendered":"<p>Il est important que tout se passe sans incident \u00e0 l\u2019occasion d\u2019un d\u00e9m\u00e9nagement, et aujourd\u2019hui, nous vous donnons quelques raisons de faire appel \u00e0 des d\u00e9m\u00e9nageurs professionnels. Lors du d\u00e9m\u00e9nagement, il est fondamental de pouvoir compter sur une \u00e9quipe professionnelle et fiable. Chez\u00a0<a href=\"http:\/\/metre.emfasi.es\/fr\/\">Metrecubic<\/a>, nous comprenons l\u2019importance d\u2019un d\u00e9m\u00e9nagement sans tracas, et c\u2019est pourquoi nous offrons un service complet qui va de la gestion des autorisations jusqu\u2019au soin m\u00e9ticuleux port\u00e9 \u00e0 vos biens.<\/p>\n<h2><strong>D\u00e9couvrez pourquoi Metrecubic est le choix id\u00e9al pour votre prochain d\u00e9m\u00e9nagement dans la province de Barcelone.<\/strong><\/h2>\n<p>&nbsp;<\/p>\n<h3><strong>\u00c9quipe de d\u00e9m\u00e9nageurs professionnels et qualifi\u00e9s<\/strong><\/h3>\n<p>Nous sommes fiers de disposer de la meilleure \u00e9quipe technique et humaine de la province de Barcelone et de ses environs dans le secteur du d\u00e9m\u00e9nagement. Notre personnel interne est form\u00e9, exp\u00e9riment\u00e9 et qualifi\u00e9, assurant un service de haute qualit\u00e9 qui va au-del\u00e0 du simple transport de vos biens. De plus, vous pouvez nous contacter \u00e0 tout moment pour quelques question ou demande d\u2019information que ce soit.<\/p>\n<p><img loading=\"lazy\" decoding=\"async\" class=\"imagenes-blog alignnone wp-image-30092\" src=\"\/wp-content\/uploads\/2023\/12\/elevador-de-muebles.webp\" alt=\"Pourquoi faire appel \u00e0 des d\u00e9m\u00e9nageurs professionnels\" width=\"236\" height=\"206\" \/><\/p>\n<h3 style=\"text-align: right;\"><strong>Monte-charge id\u00e9al pour les d\u00e9m\u00e9nagements<\/strong><\/h3>\n<p style=\"text-align: right;\">L\u2019efficacit\u00e9 et la s\u00e9curit\u00e9 sont nos priorit\u00e9s durant les d\u00e9m\u00e9nagements. Nous proposons un service de monte-charge pour fa\u00e7ade afin d\u2019assurer la rapidit\u00e9 et la protection de vos biens et de nos op\u00e9rateurs. Ce service se traduit par un d\u00e9m\u00e9nagement plus efficace et sans tracas.<\/p>\n<p>&nbsp;<\/p>\n<h3><strong>Montage et d\u00e9montage de meubles<\/strong><\/h3>\n<p>Chez Metrecubic, nous sommes sp\u00e9cialis\u00e9s dans l\u2019art du montage et du d\u00e9montage de meubles. Notre \u00e9quipe manipule chaque pi\u00e8ce avec soin et pr\u00e9cision, en veillant \u00e0 ce que vos meubles arrivent \u00e0 destination en parfait \u00e9tat et pr\u00eats \u00e0 \u00eatre utilis\u00e9s imm\u00e9diatement.<\/p>\n<p><img loading=\"lazy\" decoding=\"async\" class=\"imagenes-blog wp-image-30092 alignnone\" src=\"http:\/\/metre.emfasi.es\/wp-content\/uploads\/2023\/12\/permisos-docupacio-via-publica-300x262.webp\" alt=\"Permisos d'ocupaci\u00f3 de la via p\u00fablica\" width=\"236\" height=\"206\" \/><\/p>\n<h3 style=\"text-align: right;\"><strong>Gestion des autorisations de stationnement sur la voie publique. <\/strong><\/h3>\n<p style=\"text-align: right;\">Nous savons que les d\u00e9tails logistiques peuvent \u00eatre un probl\u00e8me et un r\u00e9el casse-t\u00eate lors d\u2019un d\u00e9m\u00e9nagement. C\u2019est pourquoi, dans le cadre de notre engagement envers le client, nous nous occupons de la gestion des autorisations de stationnement sur la voie publique, pour un d\u00e9m\u00e9nagement sans souci et sans mauvaises surprises.<\/p>\n<h3><strong>Tout emballer pour un d\u00e9m\u00e9nagement optimal<\/strong><\/h3>\n<p>Nous savons \u00e9galement qu\u2019un emballage appropri\u00e9 est la cl\u00e9 d\u2019un d\u00e9m\u00e9nagement r\u00e9ussi. Nous emballons soigneusement vos effets personnels, vos livres, v\u00eatements, tableaux, vaisselle, verres, etc., en utilisant les meilleurs mat\u00e9riaux d\u2019emballage pour \u00e9viter tout type de dommage pendant le transport.<\/p>\n<p><img loading=\"lazy\" decoding=\"async\" class=\"imagenes-blog wp-image-30092 alignright\" src=\"http:\/\/metre.emfasi.es\/wp-content\/uploads\/2023\/12\/emaquetar-bien-para-mudanza.jpg\" alt=\"Permisos d'ocupaci\u00f3 de la via p\u00fablica\" width=\"236\" height=\"206\" \/><\/p>\n<h2><\/h2>\n<h2><\/h2>\n<h2><\/h2>\n<h2><strong>Autres raisons d\u2019embaucher des d\u00e9m\u00e9nageurs professionnels avec Metrecubic<\/strong><\/h2>\n<p>Comme vous pouvez le constater, chez Metrecubic, nous respectons les cinq standards essentiels pour un d\u00e9m\u00e9nagement r\u00e9ussi, mais notre engagement ne s\u2019arr\u00eate pas l\u00e0. En outre, nous offrons un service \u00e9conomique, nous nous occupons du retrait des meubles vers la d\u00e9chetterie et, surtout, nous vous facilitons la t\u00e2che. En ce sens, nous respectons l\u2019environnement au maximum \u00e0 chaque \u00e9tape du d\u00e9m\u00e9nagement. En suppl\u00e9ment, nous disposons d\u2019un service de garde-meuble qui peut \u00e9galement \u00eatre tr\u00e8s utile pendant le processus de d\u00e9m\u00e9nagement.\u00a0<a href=\"http:\/\/metre.emfasi.es\/fr\/contact\/\">Contactez-nous et d\u00e9couvrez<\/a>\u00a0comment nous pouvons faire de votre prochain d\u00e9m\u00e9nagement une r\u00e9alit\u00e9.<\/p>\n","protected":false},"excerpt":{"rendered":"<p>Il est important que tout se passe sans incident \u00e0 l\u2019occasion d\u2019un d\u00e9m\u00e9nagement, et aujourd\u2019hui, nous vous donnons quelques raisons de faire appel \u00e0 des d\u00e9m\u00e9nageurs professionnels. Lors du d\u00e9m\u00e9nagement, il est fondamental de pouvoir compter sur une \u00e9quipe professionnelle et fiable. Chez\u00a0Metrecubic, nous comprenons l\u2019importance d\u2019un d\u00e9m\u00e9nagement sans tracas, et c\u2019est pourquoi nous offrons [&hellip;]<\/p>\n","protected":false},"author":22,"featured_media":30079,"comment_status":"open","ping_status":"open","sticky":false,"template":"","format":"standard","meta":{"_et_pb_use_builder":"","_et_pb_old_content":"","_et_gb_content_width":"","footnotes":""},"categories":[78],"tags":[],"yoast_head":"<!-- This site is optimized with the Yoast SEO plugin v22.1 - https:\/\/yoast.com\/wordpress\/plugins\/seo\/ -->\n<title>Pourquoi faire appel \u00e0 des d\u00e9m\u00e9nageurs professionnels? - Metrecubic<\/title>\n<meta name=\"description\" content=\"Il est important que tout se passe sans incident \u00e0 l\u2019occasion d\u2019un d\u00e9m\u00e9nagement, et aujourd\u2019hui, nous vous donnons quelques raisons de faire appel \u00e0 des d\u00e9m\u00e9nageurs professionnels.\" \/>\n<meta name=\"robots\" content=\"noindex, follow, max-snippet:-1, max-image-preview:large, max-video-preview:-1\" \/>\n<meta property=\"og:locale\" content=\"fr_FR\" \/>\n<meta property=\"og:type\" content=\"article\" \/>\n<meta property=\"og:title\" content=\"Pourquoi faire appel \u00e0 des d\u00e9m\u00e9nageurs professionnels? - Metrecubic\" \/>\n<meta property=\"og:description\" content=\"Il est important que tout se passe sans incident \u00e0 l\u2019occasion d\u2019un d\u00e9m\u00e9nagement, et aujourd\u2019hui, nous vous donnons quelques raisons de faire appel \u00e0 des d\u00e9m\u00e9nageurs professionnels.\" \/>\n<meta property=\"og:url\" content=\"https:\/\/metre.emfasi.es\/fr\/pourquoi-faire-appel-a-des-demenageurs-professionnels\/\" \/>\n<meta property=\"og:site_name\" content=\"Metrecubic\" \/>\n<meta property=\"article:published_time\" content=\"2023-12-20T10:50:19+00:00\" \/>\n<meta property=\"article:modified_time\" content=\"2024-01-31T15:13:43+00:00\" \/>\n<meta property=\"og:image\" content=\"https:\/\/metre.emfasi.es\/wp-content\/uploads\/2023\/12\/5-motivos-para-contratar-mudanzas-profesionales-scaled.webp\" \/>\n\t<meta property=\"og:image:width\" content=\"2560\" \/>\n\t<meta property=\"og:image:height\" content=\"1493\" \/>\n\t<meta property=\"og:image:type\" content=\"image\/webp\" \/>\n<meta name=\"author\" content=\"Volcanogrup\" \/>\n<meta name=\"twitter:card\" content=\"summary_large_image\" \/>\n<meta name=\"twitter:label1\" content=\"\u00c9crit par\" \/>\n\t<meta name=\"twitter:data1\" content=\"Volcanogrup\" \/>\n\t<meta name=\"twitter:label2\" content=\"Dur\u00e9e de lecture estim\u00e9e\" \/>\n\t<meta name=\"twitter:data2\" content=\"3 minutes\" \/>\n<script type=\"application\/ld+json\" class=\"yoast-schema-graph\">{\"@context\":\"https:\/\/schema.org\",\"@graph\":[{\"@type\":\"Article\",\"@id\":\"https:\/\/metre.emfasi.es\/fr\/pourquoi-faire-appel-a-des-demenageurs-professionnels\/#article\",\"isPartOf\":{\"@id\":\"https:\/\/metre.emfasi.es\/fr\/pourquoi-faire-appel-a-des-demenageurs-professionnels\/\"},\"author\":{\"name\":\"Volcanogrup\",\"@id\":\"https:\/\/metre.emfasi.es\/#\/schema\/person\/a7a16105391b9c536cd0ecc6d219495b\"},\"headline\":\"Pourquoi faire appel \u00e0 des d\u00e9m\u00e9nageurs professionnels?\",\"datePublished\":\"2023-12-20T10:50:19+00:00\",\"dateModified\":\"2024-01-31T15:13:43+00:00\",\"mainEntityOfPage\":{\"@id\":\"https:\/\/metre.emfasi.es\/fr\/pourquoi-faire-appel-a-des-demenageurs-professionnels\/\"},\"wordCount\":559,\"commentCount\":0,\"publisher\":{\"@id\":\"https:\/\/metre.emfasi.es\/#organization\"},\"articleSection\":[\"Non classifi\u00e9(e)\"],\"inLanguage\":\"fr-FR\",\"potentialAction\":[{\"@type\":\"CommentAction\",\"name\":\"Comment\",\"target\":[\"https:\/\/metre.emfasi.es\/fr\/pourquoi-faire-appel-a-des-demenageurs-professionnels\/#respond\"]}]},{\"@type\":\"WebPage\",\"@id\":\"https:\/\/metre.emfasi.es\/fr\/pourquoi-faire-appel-a-des-demenageurs-professionnels\/\",\"url\":\"https:\/\/metre.emfasi.es\/fr\/pourquoi-faire-appel-a-des-demenageurs-professionnels\/\",\"name\":\"Pourquoi faire appel \u00e0 des d\u00e9m\u00e9nageurs professionnels? - Metrecubic\",\"isPartOf\":{\"@id\":\"https:\/\/metre.emfasi.es\/#website\"},\"datePublished\":\"2023-12-20T10:50:19+00:00\",\"dateModified\":\"2024-01-31T15:13:43+00:00\",\"description\":\"Il est important que tout se passe sans incident \u00e0 l\u2019occasion d\u2019un d\u00e9m\u00e9nagement, et aujourd\u2019hui, nous vous donnons quelques raisons de faire appel \u00e0 des d\u00e9m\u00e9nageurs professionnels.\",\"breadcrumb\":{\"@id\":\"https:\/\/metre.emfasi.es\/fr\/pourquoi-faire-appel-a-des-demenageurs-professionnels\/#breadcrumb\"},\"inLanguage\":\"fr-FR\",\"potentialAction\":[{\"@type\":\"ReadAction\",\"target\":[\"https:\/\/metre.emfasi.es\/fr\/pourquoi-faire-appel-a-des-demenageurs-professionnels\/\"]}]},{\"@type\":\"BreadcrumbList\",\"@id\":\"https:\/\/metre.emfasi.es\/fr\/pourquoi-faire-appel-a-des-demenageurs-professionnels\/#breadcrumb\",\"itemListElement\":[{\"@type\":\"ListItem\",\"position\":1,\"name\":\"Portada\",\"item\":\"https:\/\/metre.emfasi.es\/fr\/\"},{\"@type\":\"ListItem\",\"position\":2,\"name\":\"Pourquoi faire appel \u00e0 des d\u00e9m\u00e9nageurs professionnels?\"}]},{\"@type\":\"WebSite\",\"@id\":\"https:\/\/metre.emfasi.es\/#website\",\"url\":\"https:\/\/metre.emfasi.es\/\",\"name\":\"Metrecubic\",\"description\":\"Alquiler de trasteros y minialmacenes privados.\",\"publisher\":{\"@id\":\"https:\/\/metre.emfasi.es\/#organization\"},\"potentialAction\":[{\"@type\":\"SearchAction\",\"target\":{\"@type\":\"EntryPoint\",\"urlTemplate\":\"https:\/\/metre.emfasi.es\/?s={search_term_string}\"},\"query-input\":\"required name=search_term_string\"}],\"inLanguage\":\"fr-FR\"},{\"@type\":\"Organization\",\"@id\":\"https:\/\/metre.emfasi.es\/#organization\",\"name\":\"METRECUBIC trasteros y mudanzas\",\"url\":\"https:\/\/metre.emfasi.es\/\",\"logo\":{\"@type\":\"ImageObject\",\"inLanguage\":\"fr-FR\",\"@id\":\"https:\/\/metre.emfasi.es\/#\/schema\/logo\/image\/\",\"url\":\"http:\/\/metre.emfasi.es\/wp-content\/uploads\/2017\/09\/logo-capsalera.gif\",\"contentUrl\":\"http:\/\/metre.emfasi.es\/wp-content\/uploads\/2017\/09\/logo-capsalera.gif\",\"width\":118,\"height\":117,\"caption\":\"METRECUBIC trasteros y mudanzas\"},\"image\":{\"@id\":\"https:\/\/metre.emfasi.es\/#\/schema\/logo\/image\/\"}},{\"@type\":\"Person\",\"@id\":\"https:\/\/metre.emfasi.es\/#\/schema\/person\/a7a16105391b9c536cd0ecc6d219495b\",\"name\":\"Volcanogrup\",\"image\":{\"@type\":\"ImageObject\",\"inLanguage\":\"fr-FR\",\"@id\":\"https:\/\/metre.emfasi.es\/#\/schema\/person\/image\/\",\"url\":\"https:\/\/secure.gravatar.com\/avatar\/768916a29ebccf4c5b56f790e3397419?s=96&d=mm&r=g\",\"contentUrl\":\"https:\/\/secure.gravatar.com\/avatar\/768916a29ebccf4c5b56f790e3397419?s=96&d=mm&r=g\",\"caption\":\"Volcanogrup\"},\"url\":\"https:\/\/metre.emfasi.es\/fr\/author\/slunavolcanogrup-com\/\"}]}<\/script>\n<!-- \/ Yoast SEO plugin. -->","yoast_head_json":{"title":"Pourquoi faire appel \u00e0 des d\u00e9m\u00e9nageurs professionnels? - Metrecubic","description":"Il est important que tout se passe sans incident \u00e0 l\u2019occasion d\u2019un d\u00e9m\u00e9nagement, et aujourd\u2019hui, nous vous donnons quelques raisons de faire appel \u00e0 des d\u00e9m\u00e9nageurs professionnels.","robots":{"index":"noindex","follow":"follow","max-snippet":"max-snippet:-1","max-image-preview":"max-image-preview:large","max-video-preview":"max-video-preview:-1"},"og_locale":"fr_FR","og_type":"article","og_title":"Pourquoi faire appel \u00e0 des d\u00e9m\u00e9nageurs professionnels? - Metrecubic","og_description":"Il est important que tout se passe sans incident \u00e0 l\u2019occasion d\u2019un d\u00e9m\u00e9nagement, et aujourd\u2019hui, nous vous donnons quelques raisons de faire appel \u00e0 des d\u00e9m\u00e9nageurs professionnels.","og_url":"https:\/\/metre.emfasi.es\/fr\/pourquoi-faire-appel-a-des-demenageurs-professionnels\/","og_site_name":"Metrecubic","article_published_time":"2023-12-20T10:50:19+00:00","article_modified_time":"2024-01-31T15:13:43+00:00","og_image":[{"width":2560,"height":1493,"url":"https:\/\/metre.emfasi.es\/wp-content\/uploads\/2023\/12\/5-motivos-para-contratar-mudanzas-profesionales-scaled.webp","type":"image\/webp"}],"author":"Volcanogrup","twitter_card":"summary_large_image","twitter_misc":{"\u00c9crit par":"Volcanogrup","Dur\u00e9e de lecture estim\u00e9e":"3 minutes"},"schema":{"@context":"https:\/\/schema.org","@graph":[{"@type":"Article","@id":"https:\/\/metre.emfasi.es\/fr\/pourquoi-faire-appel-a-des-demenageurs-professionnels\/#article","isPartOf":{"@id":"https:\/\/metre.emfasi.es\/fr\/pourquoi-faire-appel-a-des-demenageurs-professionnels\/"},"author":{"name":"Volcanogrup","@id":"https:\/\/metre.emfasi.es\/#\/schema\/person\/a7a16105391b9c536cd0ecc6d219495b"},"headline":"Pourquoi faire appel \u00e0 des d\u00e9m\u00e9nageurs professionnels?","datePublished":"2023-12-20T10:50:19+00:00","dateModified":"2024-01-31T15:13:43+00:00","mainEntityOfPage":{"@id":"https:\/\/metre.emfasi.es\/fr\/pourquoi-faire-appel-a-des-demenageurs-professionnels\/"},"wordCount":559,"commentCount":0,"publisher":{"@id":"https:\/\/metre.emfasi.es\/#organization"},"articleSection":["Non classifi\u00e9(e)"],"inLanguage":"fr-FR","potentialAction":[{"@type":"CommentAction","name":"Comment","target":["https:\/\/metre.emfasi.es\/fr\/pourquoi-faire-appel-a-des-demenageurs-professionnels\/#respond"]}]},{"@type":"WebPage","@id":"https:\/\/metre.emfasi.es\/fr\/pourquoi-faire-appel-a-des-demenageurs-professionnels\/","url":"https:\/\/metre.emfasi.es\/fr\/pourquoi-faire-appel-a-des-demenageurs-professionnels\/","name":"Pourquoi faire appel \u00e0 des d\u00e9m\u00e9nageurs professionnels? - Metrecubic","isPartOf":{"@id":"https:\/\/metre.emfasi.es\/#website"},"datePublished":"2023-12-20T10:50:19+00:00","dateModified":"2024-01-31T15:13:43+00:00","description":"Il est important que tout se passe sans incident \u00e0 l\u2019occasion d\u2019un d\u00e9m\u00e9nagement, et aujourd\u2019hui, nous vous donnons quelques raisons de faire appel \u00e0 des d\u00e9m\u00e9nageurs professionnels.","breadcrumb":{"@id":"https:\/\/metre.emfasi.es\/fr\/pourquoi-faire-appel-a-des-demenageurs-professionnels\/#breadcrumb"},"inLanguage":"fr-FR","potentialAction":[{"@type":"ReadAction","target":["https:\/\/metre.emfasi.es\/fr\/pourquoi-faire-appel-a-des-demenageurs-professionnels\/"]}]},{"@type":"BreadcrumbList","@id":"https:\/\/metre.emfasi.es\/fr\/pourquoi-faire-appel-a-des-demenageurs-professionnels\/#breadcrumb","itemListElement":[{"@type":"ListItem","position":1,"name":"Portada","item":"https:\/\/metre.emfasi.es\/fr\/"},{"@type":"ListItem","position":2,"name":"Pourquoi faire appel \u00e0 des d\u00e9m\u00e9nageurs professionnels?"}]},{"@type":"WebSite","@id":"https:\/\/metre.emfasi.es\/#website","url":"https:\/\/metre.emfasi.es\/","name":"Metrecubic","description":"Alquiler de trasteros y minialmacenes privados.","publisher":{"@id":"https:\/\/metre.emfasi.es\/#organization"},"potentialAction":[{"@type":"SearchAction","target":{"@type":"EntryPoint","urlTemplate":"https:\/\/metre.emfasi.es\/?s={search_term_string}"},"query-input":"required name=search_term_string"}],"inLanguage":"fr-FR"},{"@type":"Organization","@id":"https:\/\/metre.emfasi.es\/#organization","name":"METRECUBIC trasteros y mudanzas","url":"https:\/\/metre.emfasi.es\/","logo":{"@type":"ImageObject","inLanguage":"fr-FR","@id":"https:\/\/metre.emfasi.es\/#\/schema\/logo\/image\/","url":"http:\/\/metre.emfasi.es\/wp-content\/uploads\/2017\/09\/logo-capsalera.gif","contentUrl":"http:\/\/metre.emfasi.es\/wp-content\/uploads\/2017\/09\/logo-capsalera.gif","width":118,"height":117,"caption":"METRECUBIC trasteros y mudanzas"},"image":{"@id":"https:\/\/metre.emfasi.es\/#\/schema\/logo\/image\/"}},{"@type":"Person","@id":"https:\/\/metre.emfasi.es\/#\/schema\/person\/a7a16105391b9c536cd0ecc6d219495b","name":"Volcanogrup","image":{"@type":"ImageObject","inLanguage":"fr-FR","@id":"https:\/\/metre.emfasi.es\/#\/schema\/person\/image\/","url":"https:\/\/secure.gravatar.com\/avatar\/768916a29ebccf4c5b56f790e3397419?s=96&d=mm&r=g","contentUrl":"https:\/\/secure.gravatar.com\/avatar\/768916a29ebccf4c5b56f790e3397419?s=96&d=mm&r=g","caption":"Volcanogrup"},"url":"https:\/\/metre.emfasi.es\/fr\/author\/slunavolcanogrup-com\/"}]}},"_links":{"self":[{"href":"https:\/\/metre.emfasi.es\/fr\/wp-json\/wp\/v2\/posts\/30689"}],"collection":[{"href":"https:\/\/metre.emfasi.es\/fr\/wp-json\/wp\/v2\/posts"}],"about":[{"href":"https:\/\/metre.emfasi.es\/fr\/wp-json\/wp\/v2\/types\/post"}],"author":[{"embeddable":true,"href":"https:\/\/metre.emfasi.es\/fr\/wp-json\/wp\/v2\/users\/22"}],"replies":[{"embeddable":true,"href":"https:\/\/metre.emfasi.es\/fr\/wp-json\/wp\/v2\/comments?post=30689"}],"version-history":[{"count":0,"href":"https:\/\/metre.emfasi.es\/fr\/wp-json\/wp\/v2\/posts\/30689\/revisions"}],"wp:featuredmedia":[{"embeddable":true,"href":"https:\/\/metre.emfasi.es\/fr\/wp-json\/wp\/v2\/media\/30079"}],"wp:attachment":[{"href":"https:\/\/metre.emfasi.es\/fr\/wp-json\/wp\/v2\/media?parent=30689"}],"wp:term":[{"taxonomy":"category","embeddable":true,"href":"https:\/\/metre.emfasi.es\/fr\/wp-json\/wp\/v2\/categories?post=30689"},{"taxonomy":"post_tag","embeddable":true,"href":"https:\/\/metre.emfasi.es\/fr\/wp-json\/wp\/v2\/tags?post=30689"}],"curies":[{"name":"wp","href":"https:\/\/api.w.org\/{rel}","templated":true}]}}