{"id":31215,"date":"2024-02-29T15:06:09","date_gmt":"2024-02-29T14:06:09","guid":{"rendered":"http:\/\/metre.emfasi.es\/?p=31215"},"modified":"2024-02-29T15:06:09","modified_gmt":"2024-02-29T14:06:09","slug":"reussir-son-demenagement","status":"publish","type":"post","link":"https:\/\/metre.emfasi.es\/fr\/reussir-son-demenagement\/","title":{"rendered":"R\u00e9ussir son d\u00e9m\u00e9nagement"},"content":{"rendered":"<p>Nous savons tous \u00e0 quel point un d\u00e9m\u00e9nagement r\u00e9ussi peut \u00eatre fastidieux. C\u2019est pourquoi <a href=\"http:\/\/metre.emfasi.es\/\">Metrecubic<\/a> vous fait part de conseils pour vous faciliter votre d\u00e9m\u00e9nagement.<\/p>\n<h2><span style=\"font-weight: 400;\">Organisez-vous \u00e0 l\u2019avance pour un d\u00e9m\u00e9nagement r\u00e9ussi<\/span><\/h2>\n<p>Nul besoin de vous rappeler qu\u2019un d\u00e9m\u00e9nagement ne se pr\u00e9pare pas \u00e0 la derni\u00e8re minute si vous souhaitez qu&rsquo;il soit r\u00e9ussi et qu\u2019il se d\u00e9roule surtout en toute s\u00e9r\u00e9nit\u00e9 et sans impr\u00e9vus. Un d\u00e9m\u00e9nagement demande une planification minutieuse incluant notamment l&rsquo;estimation des ressources financi\u00e8res et du temps, l&rsquo;obtention d\u2019autorisations et la programmation de services, entre autres. C\u2019est pourquoi nous vous conseillons de vous organiser \u00e0 l\u2019avance et d\u2019\u00e9viter de tout faire \u00e0 la derni\u00e8re minute. Organisez-vous\u00a0! Pr\u00e9voyez quelques heures les jours pr\u00e9c\u00e9dant le d\u00e9m\u00e9nagement pour faire vos cartons progressivement et effectuer d\u2019autres t\u00e2ches.<\/p>\n<h2><span style=\"font-weight: 400;\">Emballez bien les objets fragiles<\/span><\/h2>\n<p>Il est essentiel d\u2019emballer convenablement les diff\u00e9rents objets afin d\u2019\u00e9viter tout contretemps pendant le d\u00e9m\u00e9nagement. Veillez \u00e0 emballer soigneusement les couteaux de cuisine, \u00e0 prot\u00e9ger les objets fragiles et de valeur afin d\u2019\u00e9viter toute casse. De m\u00eame, pour un d\u00e9m\u00e9nagement r\u00e9ussi, certains \u00e9l\u00e9ments doivent \u00eatre pris en compte. Il peut par exemple \u00eatre judicieux de ranger les livres par taille dans les cartons afin d&rsquo;optimiser l&rsquo;espace et de ne pas poser d&rsquo;objets lourds sur les objets fragiles.<\/p>\n<h2><span style=\"font-weight: 400;\">Fermez uniquement les cartons lorsqu\u2019ils sont pleins<\/span><\/h2>\n<p>Bien que cela puisse sembler \u00e9vident, attendre que les cartons soient pleins pour les fermer est l\u2019une des cl\u00e9s pour un d\u00e9m\u00e9nagement r\u00e9ussi. De plus, organiser vos cartons par cat\u00e9gorie vous permettra de les d\u00e9faire en toute facilit\u00e9. Avant de les fermer, il est n\u00e9cessaire de s\u2019assurer que rien ne manque, car il peut parfois arriver d\u2019oublier une cuill\u00e8re ou un livre par exemple.<\/p>\n<h2><span style=\"font-weight: 400;\">Marquez bien les cartons que vous utiliserez pour le d\u00e9m\u00e9nagement<\/span><\/h2>\n<p>Si vous vous \u00eates organis\u00e9 \u00e0 l\u2019avance et que vous suivez plus ou moins le plan \u00e9tabli, cela ne sera pas trop compliqu\u00e9 et votre d\u00e9m\u00e9nagement se d\u00e9roulera dans les meilleures conditions. Cela vous permettra \u00e0 vous ou \u00e0 l\u2019entreprise de d\u00e9m\u00e9nagement \u00e0 laquelle vous faites appel de savoir o\u00f9 va chaque \u00e9l\u00e9ment et ainsi gagner du temps. Prenez le temps d\u2019indiquer de fa\u00e7on d\u00e9taill\u00e9e ce qui doit \u00eatre rang\u00e9 dans chaque carton. \u00c9vitez par ailleurs d\u2019utiliser des termes trop g\u00e9n\u00e9raux tels que \u00ab divers \u00bb, et d\u00e9taillez bien le contenu de chaque carton. Pensez \u00e0 marquer en rouge les cartons contenant des objets fragiles!<\/p>\n<h2><span style=\"font-weight: 400;\">Faites appel \u00e0 une entreprise de d\u00e9m\u00e9nagement professionnelle<\/span><\/h2>\n<p>Pour les personnes qui ne souhaitent s\u2019occuper que du strict minimum et qui ne veulent pas se soucier de la paperasse, de la gestion des v\u00e9hicules, de la casse \u00e9ventuelle et de tout le reste, la solution id\u00e9ale consiste \u00e0 faire appel \u00e0 une entreprise de d\u00e9m\u00e9nagement professionnelle pour que le d\u00e9m\u00e9nagement se d\u00e9roule au mieux et sans tracas. Metrecubic dispose de l\u2019exp\u00e9rience et des ressources n\u00e9cessaires pour tout type de d\u00e9m\u00e9nagement, aussi bien national qu\u2019international. Vous <a href=\"http:\/\/metre.emfasi.es\/mudanzas\/\">trouverez ici<\/a> toutes les informations pour d\u00e9couvrir comment nous assurons des d\u00e9m\u00e9nagements simples et efficaces.<\/p>\n<h3><span style=\"font-weight: 400;\">Contactez Metrecubic pour un d\u00e9m\u00e9nagement r\u00e9ussi<\/span><\/h3>\n<p>N\u2019h\u00e9sitez pas \u00e0 <a href=\"http:\/\/metre.emfasi.es\/contacto\/\">nous contacter<\/a> pour toute demande d&rsquo;informations ou pour faire appel \u00e0 nos services de d\u00e9m\u00e9nagement. Nous proposons \u00e9galement la location de boxes vous permettant d\u2019entreposer les effets personnels que vous souhaitez le temps du d\u00e9m\u00e9nagement. Nous sommes \u00e0 votre disposition pour vous aider.<\/p>\n","protected":false},"excerpt":{"rendered":"<p>Nous savons tous \u00e0 quel point un d\u00e9m\u00e9nagement r\u00e9ussi peut \u00eatre fastidieux. C\u2019est pourquoi Metrecubic vous fait part de conseils pour vous faciliter votre d\u00e9m\u00e9nagement. Organisez-vous \u00e0 l\u2019avance pour un d\u00e9m\u00e9nagement r\u00e9ussi Nul besoin de vous rappeler qu\u2019un d\u00e9m\u00e9nagement ne se pr\u00e9pare pas \u00e0 la derni\u00e8re minute si vous souhaitez qu&rsquo;il soit r\u00e9ussi et qu\u2019il [&hellip;]<\/p>\n","protected":false},"author":23,"featured_media":31213,"comment_status":"open","ping_status":"open","sticky":false,"template":"","format":"standard","meta":{"_et_pb_use_builder":"","_et_pb_old_content":"","_et_gb_content_width":"","footnotes":""},"categories":[78],"tags":[],"yoast_head":"<!-- This site is optimized with the Yoast SEO plugin v22.1 - https:\/\/yoast.com\/wordpress\/plugins\/seo\/ -->\n<title>R\u00e9ussir son d\u00e9m\u00e9nagement - Metrecubic<\/title>\n<meta name=\"description\" content=\"Nous savons tous \u00e0 quel point un d\u00e9m\u00e9nagement r\u00e9ussi peut \u00eatre fastidieux. C\u2019est pourquoi Metrecubic vous fait part de quelques conseils.\" \/>\n<meta name=\"robots\" content=\"noindex, follow, max-snippet:-1, max-image-preview:large, max-video-preview:-1\" \/>\n<meta property=\"og:locale\" content=\"fr_FR\" \/>\n<meta property=\"og:type\" content=\"article\" \/>\n<meta property=\"og:title\" content=\"R\u00e9ussir son d\u00e9m\u00e9nagement - Metrecubic\" \/>\n<meta property=\"og:description\" content=\"Nous savons tous \u00e0 quel point un d\u00e9m\u00e9nagement r\u00e9ussi peut \u00eatre fastidieux. C\u2019est pourquoi Metrecubic vous fait part de quelques conseils.\" \/>\n<meta property=\"og:url\" content=\"https:\/\/metre.emfasi.es\/fr\/reussir-son-demenagement\/\" \/>\n<meta property=\"og:site_name\" content=\"Metrecubic\" \/>\n<meta property=\"article:published_time\" content=\"2024-02-29T14:06:09+00:00\" \/>\n<meta property=\"og:image\" content=\"https:\/\/metre.emfasi.es\/wp-content\/uploads\/2024\/02\/hacer-una-buena-mudanza-scaled.jpg\" \/>\n\t<meta property=\"og:image:width\" content=\"2560\" \/>\n\t<meta property=\"og:image:height\" content=\"1595\" \/>\n\t<meta property=\"og:image:type\" content=\"image\/jpeg\" \/>\n<meta name=\"author\" content=\"developer@emfasi.es\" \/>\n<meta name=\"twitter:card\" content=\"summary_large_image\" \/>\n<meta name=\"twitter:label1\" content=\"\u00c9crit par\" \/>\n\t<meta name=\"twitter:data1\" content=\"developer@emfasi.es\" \/>\n\t<meta name=\"twitter:label2\" content=\"Dur\u00e9e de lecture estim\u00e9e\" \/>\n\t<meta name=\"twitter:data2\" content=\"3 minutes\" \/>\n<script type=\"application\/ld+json\" class=\"yoast-schema-graph\">{\"@context\":\"https:\/\/schema.org\",\"@graph\":[{\"@type\":\"Article\",\"@id\":\"https:\/\/metre.emfasi.es\/fr\/reussir-son-demenagement\/#article\",\"isPartOf\":{\"@id\":\"https:\/\/metre.emfasi.es\/fr\/reussir-son-demenagement\/\"},\"author\":{\"name\":\"developer@emfasi.es\",\"@id\":\"https:\/\/metre.emfasi.es\/#\/schema\/person\/16c2ee6b80adb51ef66ede799a16c191\"},\"headline\":\"R\u00e9ussir son d\u00e9m\u00e9nagement\",\"datePublished\":\"2024-02-29T14:06:09+00:00\",\"dateModified\":\"2024-02-29T14:06:09+00:00\",\"mainEntityOfPage\":{\"@id\":\"https:\/\/metre.emfasi.es\/fr\/reussir-son-demenagement\/\"},\"wordCount\":645,\"commentCount\":0,\"publisher\":{\"@id\":\"https:\/\/metre.emfasi.es\/#organization\"},\"articleSection\":[\"Non classifi\u00e9(e)\"],\"inLanguage\":\"fr-FR\",\"potentialAction\":[{\"@type\":\"CommentAction\",\"name\":\"Comment\",\"target\":[\"https:\/\/metre.emfasi.es\/fr\/reussir-son-demenagement\/#respond\"]}]},{\"@type\":\"WebPage\",\"@id\":\"https:\/\/metre.emfasi.es\/fr\/reussir-son-demenagement\/\",\"url\":\"https:\/\/metre.emfasi.es\/fr\/reussir-son-demenagement\/\",\"name\":\"R\u00e9ussir son d\u00e9m\u00e9nagement - Metrecubic\",\"isPartOf\":{\"@id\":\"https:\/\/metre.emfasi.es\/#website\"},\"datePublished\":\"2024-02-29T14:06:09+00:00\",\"dateModified\":\"2024-02-29T14:06:09+00:00\",\"description\":\"Nous savons tous \u00e0 quel point un d\u00e9m\u00e9nagement r\u00e9ussi peut \u00eatre fastidieux. C\u2019est pourquoi Metrecubic vous fait part de quelques conseils.\",\"breadcrumb\":{\"@id\":\"https:\/\/metre.emfasi.es\/fr\/reussir-son-demenagement\/#breadcrumb\"},\"inLanguage\":\"fr-FR\",\"potentialAction\":[{\"@type\":\"ReadAction\",\"target\":[\"https:\/\/metre.emfasi.es\/fr\/reussir-son-demenagement\/\"]}]},{\"@type\":\"BreadcrumbList\",\"@id\":\"https:\/\/metre.emfasi.es\/fr\/reussir-son-demenagement\/#breadcrumb\",\"itemListElement\":[{\"@type\":\"ListItem\",\"position\":1,\"name\":\"Portada\",\"item\":\"https:\/\/metre.emfasi.es\/fr\/\"},{\"@type\":\"ListItem\",\"position\":2,\"name\":\"R\u00e9ussir son d\u00e9m\u00e9nagement\"}]},{\"@type\":\"WebSite\",\"@id\":\"https:\/\/metre.emfasi.es\/#website\",\"url\":\"https:\/\/metre.emfasi.es\/\",\"name\":\"Metrecubic\",\"description\":\"Alquiler de trasteros y minialmacenes privados.\",\"publisher\":{\"@id\":\"https:\/\/metre.emfasi.es\/#organization\"},\"potentialAction\":[{\"@type\":\"SearchAction\",\"target\":{\"@type\":\"EntryPoint\",\"urlTemplate\":\"https:\/\/metre.emfasi.es\/?s={search_term_string}\"},\"query-input\":\"required name=search_term_string\"}],\"inLanguage\":\"fr-FR\"},{\"@type\":\"Organization\",\"@id\":\"https:\/\/metre.emfasi.es\/#organization\",\"name\":\"METRECUBIC trasteros y mudanzas\",\"url\":\"https:\/\/metre.emfasi.es\/\",\"logo\":{\"@type\":\"ImageObject\",\"inLanguage\":\"fr-FR\",\"@id\":\"https:\/\/metre.emfasi.es\/#\/schema\/logo\/image\/\",\"url\":\"http:\/\/metre.emfasi.es\/wp-content\/uploads\/2017\/09\/logo-capsalera.gif\",\"contentUrl\":\"http:\/\/metre.emfasi.es\/wp-content\/uploads\/2017\/09\/logo-capsalera.gif\",\"width\":118,\"height\":117,\"caption\":\"METRECUBIC trasteros y mudanzas\"},\"image\":{\"@id\":\"https:\/\/metre.emfasi.es\/#\/schema\/logo\/image\/\"}},{\"@type\":\"Person\",\"@id\":\"https:\/\/metre.emfasi.es\/#\/schema\/person\/16c2ee6b80adb51ef66ede799a16c191\",\"name\":\"developer@emfasi.es\",\"image\":{\"@type\":\"ImageObject\",\"inLanguage\":\"fr-FR\",\"@id\":\"https:\/\/metre.emfasi.es\/#\/schema\/person\/image\/\",\"url\":\"https:\/\/secure.gravatar.com\/avatar\/633e9d1f2b17e0fdd0a0da5765d0267c?s=96&d=mm&r=g\",\"contentUrl\":\"https:\/\/secure.gravatar.com\/avatar\/633e9d1f2b17e0fdd0a0da5765d0267c?s=96&d=mm&r=g\",\"caption\":\"developer@emfasi.es\"},\"url\":\"https:\/\/metre.emfasi.es\/fr\/author\/developeremfasi-es\/\"}]}<\/script>\n<!-- \/ Yoast SEO plugin. -->","yoast_head_json":{"title":"R\u00e9ussir son d\u00e9m\u00e9nagement - Metrecubic","description":"Nous savons tous \u00e0 quel point un d\u00e9m\u00e9nagement r\u00e9ussi peut \u00eatre fastidieux. C\u2019est pourquoi Metrecubic vous fait part de quelques conseils.","robots":{"index":"noindex","follow":"follow","max-snippet":"max-snippet:-1","max-image-preview":"max-image-preview:large","max-video-preview":"max-video-preview:-1"},"og_locale":"fr_FR","og_type":"article","og_title":"R\u00e9ussir son d\u00e9m\u00e9nagement - Metrecubic","og_description":"Nous savons tous \u00e0 quel point un d\u00e9m\u00e9nagement r\u00e9ussi peut \u00eatre fastidieux. C\u2019est pourquoi Metrecubic vous fait part de quelques conseils.","og_url":"https:\/\/metre.emfasi.es\/fr\/reussir-son-demenagement\/","og_site_name":"Metrecubic","article_published_time":"2024-02-29T14:06:09+00:00","og_image":[{"width":2560,"height":1595,"url":"https:\/\/metre.emfasi.es\/wp-content\/uploads\/2024\/02\/hacer-una-buena-mudanza-scaled.jpg","type":"image\/jpeg"}],"author":"developer@emfasi.es","twitter_card":"summary_large_image","twitter_misc":{"\u00c9crit par":"developer@emfasi.es","Dur\u00e9e de lecture estim\u00e9e":"3 minutes"},"schema":{"@context":"https:\/\/schema.org","@graph":[{"@type":"Article","@id":"https:\/\/metre.emfasi.es\/fr\/reussir-son-demenagement\/#article","isPartOf":{"@id":"https:\/\/metre.emfasi.es\/fr\/reussir-son-demenagement\/"},"author":{"name":"developer@emfasi.es","@id":"https:\/\/metre.emfasi.es\/#\/schema\/person\/16c2ee6b80adb51ef66ede799a16c191"},"headline":"R\u00e9ussir son d\u00e9m\u00e9nagement","datePublished":"2024-02-29T14:06:09+00:00","dateModified":"2024-02-29T14:06:09+00:00","mainEntityOfPage":{"@id":"https:\/\/metre.emfasi.es\/fr\/reussir-son-demenagement\/"},"wordCount":645,"commentCount":0,"publisher":{"@id":"https:\/\/metre.emfasi.es\/#organization"},"articleSection":["Non classifi\u00e9(e)"],"inLanguage":"fr-FR","potentialAction":[{"@type":"CommentAction","name":"Comment","target":["https:\/\/metre.emfasi.es\/fr\/reussir-son-demenagement\/#respond"]}]},{"@type":"WebPage","@id":"https:\/\/metre.emfasi.es\/fr\/reussir-son-demenagement\/","url":"https:\/\/metre.emfasi.es\/fr\/reussir-son-demenagement\/","name":"R\u00e9ussir son d\u00e9m\u00e9nagement - Metrecubic","isPartOf":{"@id":"https:\/\/metre.emfasi.es\/#website"},"datePublished":"2024-02-29T14:06:09+00:00","dateModified":"2024-02-29T14:06:09+00:00","description":"Nous savons tous \u00e0 quel point un d\u00e9m\u00e9nagement r\u00e9ussi peut \u00eatre fastidieux. C\u2019est pourquoi Metrecubic vous fait part de quelques conseils.","breadcrumb":{"@id":"https:\/\/metre.emfasi.es\/fr\/reussir-son-demenagement\/#breadcrumb"},"inLanguage":"fr-FR","potentialAction":[{"@type":"ReadAction","target":["https:\/\/metre.emfasi.es\/fr\/reussir-son-demenagement\/"]}]},{"@type":"BreadcrumbList","@id":"https:\/\/metre.emfasi.es\/fr\/reussir-son-demenagement\/#breadcrumb","itemListElement":[{"@type":"ListItem","position":1,"name":"Portada","item":"https:\/\/metre.emfasi.es\/fr\/"},{"@type":"ListItem","position":2,"name":"R\u00e9ussir son d\u00e9m\u00e9nagement"}]},{"@type":"WebSite","@id":"https:\/\/metre.emfasi.es\/#website","url":"https:\/\/metre.emfasi.es\/","name":"Metrecubic","description":"Alquiler de trasteros y minialmacenes privados.","publisher":{"@id":"https:\/\/metre.emfasi.es\/#organization"},"potentialAction":[{"@type":"SearchAction","target":{"@type":"EntryPoint","urlTemplate":"https:\/\/metre.emfasi.es\/?s={search_term_string}"},"query-input":"required name=search_term_string"}],"inLanguage":"fr-FR"},{"@type":"Organization","@id":"https:\/\/metre.emfasi.es\/#organization","name":"METRECUBIC trasteros y mudanzas","url":"https:\/\/metre.emfasi.es\/","logo":{"@type":"ImageObject","inLanguage":"fr-FR","@id":"https:\/\/metre.emfasi.es\/#\/schema\/logo\/image\/","url":"http:\/\/metre.emfasi.es\/wp-content\/uploads\/2017\/09\/logo-capsalera.gif","contentUrl":"http:\/\/metre.emfasi.es\/wp-content\/uploads\/2017\/09\/logo-capsalera.gif","width":118,"height":117,"caption":"METRECUBIC trasteros y mudanzas"},"image":{"@id":"https:\/\/metre.emfasi.es\/#\/schema\/logo\/image\/"}},{"@type":"Person","@id":"https:\/\/metre.emfasi.es\/#\/schema\/person\/16c2ee6b80adb51ef66ede799a16c191","name":"developer@emfasi.es","image":{"@type":"ImageObject","inLanguage":"fr-FR","@id":"https:\/\/metre.emfasi.es\/#\/schema\/person\/image\/","url":"https:\/\/secure.gravatar.com\/avatar\/633e9d1f2b17e0fdd0a0da5765d0267c?s=96&d=mm&r=g","contentUrl":"https:\/\/secure.gravatar.com\/avatar\/633e9d1f2b17e0fdd0a0da5765d0267c?s=96&d=mm&r=g","caption":"developer@emfasi.es"},"url":"https:\/\/metre.emfasi.es\/fr\/author\/developeremfasi-es\/"}]}},"_links":{"self":[{"href":"https:\/\/metre.emfasi.es\/fr\/wp-json\/wp\/v2\/posts\/31215"}],"collection":[{"href":"https:\/\/metre.emfasi.es\/fr\/wp-json\/wp\/v2\/posts"}],"about":[{"href":"https:\/\/metre.emfasi.es\/fr\/wp-json\/wp\/v2\/types\/post"}],"author":[{"embeddable":true,"href":"https:\/\/metre.emfasi.es\/fr\/wp-json\/wp\/v2\/users\/23"}],"replies":[{"embeddable":true,"href":"https:\/\/metre.emfasi.es\/fr\/wp-json\/wp\/v2\/comments?post=31215"}],"version-history":[{"count":0,"href":"https:\/\/metre.emfasi.es\/fr\/wp-json\/wp\/v2\/posts\/31215\/revisions"}],"wp:featuredmedia":[{"embeddable":true,"href":"https:\/\/metre.emfasi.es\/fr\/wp-json\/wp\/v2\/media\/31213"}],"wp:attachment":[{"href":"https:\/\/metre.emfasi.es\/fr\/wp-json\/wp\/v2\/media?parent=31215"}],"wp:term":[{"taxonomy":"category","embeddable":true,"href":"https:\/\/metre.emfasi.es\/fr\/wp-json\/wp\/v2\/categories?post=31215"},{"taxonomy":"post_tag","embeddable":true,"href":"https:\/\/metre.emfasi.es\/fr\/wp-json\/wp\/v2\/tags?post=31215"}],"curies":[{"name":"wp","href":"https:\/\/api.w.org\/{rel}","templated":true}]}}